{"id":6501,"date":"2016-03-23T17:28:57","date_gmt":"2016-03-23T16:28:57","guid":{"rendered":"https:\/\/www.legalife.fr\/guides-juridiques\/?p=6501"},"modified":"2017-02-15T19:14:20","modified_gmt":"2017-02-15T18:14:20","slug":"simplification-formalites-loi-macron","status":"publish","type":"post","link":"https:\/\/www.legalife.fr\/guides-juridiques\/simplification-formalites-loi-macron\/","title":{"rendered":"Simplification des formalit\u00e9s et loi Macron"},"content":{"rendered":"<p>Un d\u00e9cret relatif \u00e0 la simplification des formalit\u00e9s en mati\u00e8re de droit commercial vient d\u2019\u00eatre publi\u00e9 le <a href=\"https:\/\/www.legifrance.gouv.fr\/affichTexte.do?cidTexte=JORFTEXT000032189429&amp;categorieLien=id\" target=\"_blank\">11 mars 2016 (D\u00e9cret n\u00b0 2016-296)<\/a>. Il fait suite \u00e0 l\u2019adoption le 6 ao\u00fbt 2015 de la loi pour la croissance, l\u2019activit\u00e9 et l\u2019\u00e9galit\u00e9 des chances \u00e9conomiques dite loi Macron.<\/p>\n<p>Ce texte fait souffler un vent de modernisme sur le droit commercial fran\u00e7ais. Il modifie en effet la partie r\u00e9glementaire du Code de commerce. Il fait ainsi \u00e9cho aux critiques des commer\u00e7ants et des soci\u00e9t\u00e9s. Elles \u00e9taient en effet relatives notamment au poids des <a href=\"https:\/\/www.legalife.fr\/formalites\/\">formalit\u00e9s<\/a>. Des\u00a0lourdeurs administratives chronophages et complexes avaient ainsi tendance \u00e0 faire stagner leur activit\u00e9.<\/p>\n<p>Faut-il y voir la mat\u00e9rialisation en faveur des commer\u00e7ants du \u00ab choc de simplification \u00bb annonc\u00e9 en 2013 ? Pour r\u00e9pondre \u00e0 cette question, LegaLife a diss\u00e9qu\u00e9 pour vous chapitre par chapitre les mesures introduites par ce texte.<\/p>\n<div id=\"toc_container\" class=\"no_bullets\"><p class=\"toc_title\">Table des mati&egrave;res<\/p><ul class=\"toc_list\"><li><a href=\"#Chapitre_I_la_reduction_des_formalites_consecutives_a_la_cession_dun_fonds_de_commerce\"><span class=\"toc_number toc_depth_1\">1<\/span> Chapitre I : la r\u00e9duction des formalit\u00e9s cons\u00e9cutives \u00e0 la cession d\u2019un fonds de commerce<\/a><\/li><li><a href=\"#Chapitre_II_linsaisissabilite_de_la_residence_principale_de_lentrepreneur_individuel\"><span class=\"toc_number toc_depth_1\">2<\/span> Chapitre II : l\u2019insaisissabilit\u00e9 de la r\u00e9sidence principale de l\u2019entrepreneur individuel<\/a><\/li><li><a href=\"#Chapitre_III_la_lettre_recommandee_avec_accuse_de_reception_LRAR_dans_le_bail_commercial\"><span class=\"toc_number toc_depth_1\">3<\/span> Chapitre III : la lettre recommand\u00e9e avec accus\u00e9 de r\u00e9ception (LRAR) dans le bail commercial<\/a><\/li><li><a href=\"#Chapitre_IV_le_choix_de_la_non-publicite_des_comptes_annuels_au_profit_des_petites_entreprises\"><span class=\"toc_number toc_depth_1\">4<\/span> Chapitre IV : le choix de la non-publicit\u00e9 des comptes annuels au profit des petites entreprises<\/a><\/li><li><a href=\"#Chapitre_V_lOpen_Data_infiltre_le_Registre_du_Commerce_et_des_Societes_RCS\"><span class=\"toc_number toc_depth_1\">5<\/span> Chapitre V : l\u2019Open Data infiltre le Registre du Commerce et des Soci\u00e9t\u00e9s (RCS)<\/a><\/li><li><a href=\"#Conclusion_sur_la_simplification_des_formalites_par_application_de_la_loi_Macron\"><span class=\"toc_number toc_depth_1\">6<\/span> Conclusion sur la simplification des formalit\u00e9s par application de la loi Macron<\/a><\/li><\/ul><\/div>\n<h2><span id=\"Chapitre_I_la_reduction_des_formalites_consecutives_a_la_cession_dun_fonds_de_commerce\">Chapitre I : la r\u00e9duction des formalit\u00e9s cons\u00e9cutives \u00e0 la cession d\u2019un fonds de commerce<\/span><\/h2>\n<p>La loi assortit de diverses formalit\u00e9s obligatoires la vente d\u2019un fonds de commerce. Leur int\u00e9r\u00eat premier est d\u2019informer les tiers de la r\u00e9alisation de l\u2019op\u00e9ration, en particulier les cr\u00e9anciers du c\u00e9dant.\u00a0D\u00e9sormais, apr\u00e8s la signature du contrat de vente, le nouveau propri\u00e9taire du fonds n\u2019a plus \u00e0 proc\u00e9der \u00e0 la publication d\u2019un avis dans un journal d\u2019annonces l\u00e9gales. Cela a pour avantage un gain de temps et d\u2019argent. La publication devait en effet \u00eatre effectu\u00e9e avant les formalit\u00e9s au greffe du Tribunal de commerce. Cela engendrait un certain co\u00fbt. La formalit\u00e9 d\u2019inscription au BODACC\u00a0demeure toutefois\u00a0obligatoire.<\/p>\n<p>Cette mesure fait suite \u00e0 la possibilit\u00e9 offerte au cr\u00e9ancier du c\u00e9dant de s\u2019opposer au paiement du prix de vente par lettre recommand\u00e9e avec accus\u00e9 de r\u00e9ception (LRAR). Il fallait auparavant le faire\u00a0par\u00a0acte extra-judiciaire (qui n\u00e9cessitait de faire appel \u00e0 un huissier). Dans le cas d\u2019une LRAR, la date d\u2019opposition retenue est celle de l\u2019envoi (article R. 141-2 du Code de commerce).<\/p>\n<h2><span id=\"Chapitre_II_linsaisissabilite_de_la_residence_principale_de_lentrepreneur_individuel\">Chapitre II : l\u2019insaisissabilit\u00e9 de la r\u00e9sidence principale de l\u2019entrepreneur individuel<\/span><\/h2>\n<p>Si autrefois l\u2019insaisissabilit\u00e9 d\u2019une r\u00e9sidence principale \u00e9tait soumise \u00e0 une d\u00e9claration notari\u00e9e, tel n\u2019est plus le cas aujourd\u2019hui. En effet, cette formalit\u00e9 lourde et co\u00fbteuse pouvait s\u2019av\u00e9rer dissuasive pour l\u2019entrepreneur individuel.\u00a0Avec l\u2019entr\u00e9e en vigueur du d\u00e9cret, la r\u00e9sidence principale est rendue de droit insaisissable. Cette r\u00e9forme offre \u00e0 l\u2019entrepreneur individuel une protection suppl\u00e9mentaire de son patrimoine. Elle permet ainsi d&#8217;isoler\u00a0ce bien immobilier d\u2019\u00e9ventuelles poursuites engag\u00e9es par ses cr\u00e9anciers professionnels.<\/p>\n<p>La mesure s\u2019applique \u00e0 tous les entrepreneurs individuels exer\u00e7ant une activit\u00e9 commerciale, lib\u00e9rale, agricole ou artisanale. Elle joue d\u00e8s lors qu&#8217;ils disposent d\u2019un patrimoine immobilier de quelque nature que ce soit. Qu&#8217;il s&#8217;agisse d&#8217;un terrain, d&#8217;un immeuble, d&#8217;une habitation, toute cr\u00e9ance professionnelle n\u00e9e au 7 ao\u00fbt 2015 est ainsi concern\u00e9e.<\/p>\n<p>Dans certains cas, l\u2019entrepreneur exerce\u00a0son activit\u00e9 \u00e0 domicile. Il peut le faire dans un garage, un atelier, un studio ou autre pi\u00e8ce sp\u00e9cifiquement d\u00e9di\u00e9e \u00e0 l\u2019activit\u00e9. C&#8217;est l&#8217;hypoth\u00e8se d\u2019une r\u00e9sidence principale \u00e0 usage mixte. D\u00e9sormais, la fraction du bien correspondant \u00e0 usage non-professionnel est rendue insaisissable de droit.<\/p>\n<h2><span id=\"Chapitre_III_la_lettre_recommandee_avec_accuse_de_reception_LRAR_dans_le_bail_commercial\">Chapitre III : la lettre recommand\u00e9e avec accus\u00e9 de r\u00e9ception (LRAR) dans le bail commercial<\/span><\/h2>\n<p>Une nouvelle section du Code de commerce constitu\u00e9e de l\u2019unique article R. 145-38 indique une nouvelle forme de d\u00e9livrance de certains actes relevant du droit des baux commerciaux. Une LRAR peut d\u00e9sormais \u00eatre utilis\u00e9e pour la notification du <a href=\"https:\/\/www.legalife.fr\/modele\/conge-du-bail-commercial-par-le-locataire\/\">cong\u00e9 donn\u00e9 par le locataire<\/a>. Elle suffit \u00e9galement pour le renouvellement du <a href=\"https:\/\/www.legalife.fr\/modele\/bail-commercial\/\">bail commercial<\/a>, ainsi que pour sa desp\u00e9cialisation.<\/p>\n<p>Que le courrier soit <a href=\"https:\/\/www.legalife.fr\/modele\/conge-du-bail-commercial-par-le-bailleur\/\">\u00e0 l\u2019initiative du bailleur<\/a> ou du locataire, la date de notification de la lettre est celle de l\u2019envoi pour l\u2019exp\u00e9diteur. Pour le destinataire, c&#8217;est celle de la premi\u00e8re pr\u00e9sentation de la lettre. Mais dans le cas o\u00f9 la lettre n\u2019a pas pu \u00eatre pr\u00e9sent\u00e9e, la date de notification \u00e0 prendre en compte est celle de la seconde pr\u00e9sentation au destinataire effectu\u00e9e par acte extra-judiciaire.<\/p>\n<h2><span id=\"Chapitre_IV_le_choix_de_la_non-publicite_des_comptes_annuels_au_profit_des_petites_entreprises\">Chapitre IV : le choix de la non-publicit\u00e9 des comptes annuels au profit des petites entreprises<\/span><\/h2>\n<p>Le choix laiss\u00e9 aux micro-entreprises de ne pas communiquer leurs comptes annuels aux tiers est d\u00e9sormais \u00e9tendu. Disposent \u00e9galement de ce choix les petites entreprises r\u00e9pondant aux crit\u00e8res de l\u2019article L. 232-25, alin\u00e9a 2 du Code de commerce. Deux des trois seuils ci-dessous doivent ainsi \u00eatre respect\u00e9s :<\/p>\n<ul>\n<li>Un bilan inf\u00e9rieur \u00e0 4 millions d\u2019euros,<\/li>\n<li>Un chiffre d\u2019affaires net inf\u00e9rieur \u00e0 8 millions d\u2019euros,<\/li>\n<li>Un effectif maximum de 50 salari\u00e9s au cours de l\u2019exercice.<\/li>\n<\/ul>\n<p>L\u2019objectif est de maintenir une concurrence saine. Il s&#8217;agit en effet d\u2019encourager l\u2019innovation des petites entreprises \u00e0 l\u2019effet de proposer des prix favorables pour le consommateur. Cette mesure s&#8217;inscrit dans la droite ligne de la loi Consommation du 17 mars 2014, dite loi Hamon.\u00a0Il permet aux petites structures de ne pas offrir \u00e0 leurs\u00a0concurrents directs, ou aux clients et fournisseurs desdits concurrents, des informations cruciales sur leur sant\u00e9 financi\u00e8re et sur leurs perspectives de d\u00e9veloppement.<\/p>\n<p>Pour ce faire, la petite entreprise doit, au moment du d\u00e9p\u00f4t de ses comptes sociaux au greffe du Tribunal de commerce, proc\u00e9der \u00e0 une d\u00e9claration de confidentialit\u00e9 au Registre du Commerce et des soci\u00e9t\u00e9s. D\u00e8s lors, l\u2019insertion au Bodacc est compl\u00e9t\u00e9 par une mention du greffier pr\u00e9cisant que la soci\u00e9t\u00e9, qui entre dans le champ des dispositions l\u00e9gales, a choisi de maintenir son compte de r\u00e9sultat confidentiel.<\/p>\n<h2><span id=\"Chapitre_V_lOpen_Data_infiltre_le_Registre_du_Commerce_et_des_Societes_RCS\">Chapitre V : l\u2019Open Data infiltre le Registre du Commerce et des Soci\u00e9t\u00e9s (RCS)<\/span><\/h2>\n<p>La simplification de la vie des entreprises et des commer\u00e7ants est un objectif dont la r\u00e9alisation passe par l\u2019int\u00e9gration d\u2019avances technologiques. Le d\u00e9cret met en application l\u2019objectif de gratuit\u00e9 de la diffusion d\u2019informations en open data sur les structures immatricul\u00e9es au RCS. Il \u00e9tait en effet pr\u00e9vu par la loi Macron.\u00a0L\u2019int\u00e9gration du num\u00e9rique dans la sph\u00e8re juridique intervient par la transmission \u00e0 l\u2019INPI, qui assure la tenue du RCS, des informations collect\u00e9es par les greffes des Tribunaux de commerce. Ce processus doit \u00eatre r\u00e9alis\u00e9 dans les conditions suivantes :<\/p>\n<ul>\n<li>Sans frais,<\/li>\n<li>Par voie \u00e9lectronique,<\/li>\n<li>Sous format informatique permettant leur interop\u00e9rabilit\u00e9 et leur r\u00e9utilisation.<\/li>\n<\/ul>\n<p>Les donn\u00e9es promises \u00e0 la diffusion du public sont par exemple les statuts, les comptes annuels, le si\u00e8ge social \u2026 La CNIL (Commission Nationale de l&#8217;Informatique et des Libert\u00e9s) sera en charge de la protection des donn\u00e9es personnelles dans le respect des dispositions l\u00e9gales d\u00e9j\u00e0 en vigueur. IL s&#8217;agit par exemple de l\u2019identit\u00e9 des dirigeants et des autres donn\u00e9es sensibles de l&#8217;entreprise.\u00a0La plateforme Infogreffe reste la seule voie officielle de d\u00e9livrance d\u2019actes d\u00e9mat\u00e9rialis\u00e9s. Il est donc hautement probable que ce G.I.E soit choisi pour assurer le nouveau mode de transmission et de mise \u00e0 disposition des donn\u00e9es en open data.<\/p>\n<h2><span id=\"Conclusion_sur_la_simplification_des_formalites_par_application_de_la_loi_Macron\">Conclusion sur la simplification des formalit\u00e9s par application de la loi Macron<\/span><\/h2>\n<p>Les dispositions de ce d\u00e9cret sont entr\u00e9es en vigueur le 14 mars 2016, \u00e0 l\u2019exception de celles concernant la publicit\u00e9 all\u00e9g\u00e9e des comptes annuels des petites entreprises. Celles-ci s\u2019appliqueront aux exercices clos \u00e0 compter du 31 d\u00e9cembre 2015 et d\u00e9pos\u00e9s \u00e0 compter du 7 ao\u00fbt 2016 (article 21 du d\u00e9cret).<\/p>\n<p>Au-del\u00e0 des mesures introduites le 11 mars 2016, il est \u00e0 noter qu\u2019un Conseil de la simplification pour les entreprises (cr\u00e9\u00e9 par le d\u00e9cret n\u00b0 2014-11 du 8 janvier 2014, pour une dur\u00e9e de trois ans) a \u00e9mis de nouvelles propositions. Elles visent \u00e0 all\u00e9ger le formalisme pesant sur la gouvernance des soci\u00e9t\u00e9s dans les assembl\u00e9es g\u00e9n\u00e9rales ou les cessions de parts de SCI.<\/p>\n\n<div class=\"kk-star-ratings\n     kksr-valign-bottom     kksr-align-left    \"\n    data-payload=\"{&quot;align&quot;:&quot;left&quot;,&quot;id&quot;:&quot;6501&quot;,&quot;slug&quot;:&quot;default&quot;,&quot;valign&quot;:&quot;bottom&quot;,&quot;reference&quot;:&quot;auto&quot;,&quot;count&quot;:&quot;3&quot;,&quot;readonly&quot;:&quot;&quot;,&quot;score&quot;:&quot;5&quot;,&quot;best&quot;:&quot;5&quot;,&quot;gap&quot;:&quot;5&quot;,&quot;greet&quot;:&quot;Rate this post&quot;,&quot;legend&quot;:&quot;5\\\/5 - (3 votes)&quot;,&quot;size&quot;:&quot;24&quot;,&quot;width&quot;:&quot;142.5&quot;,&quot;_legend&quot;:&quot;{score}\\\/{best} - ({count} {votes})&quot;}\">\n    \n<div class=\"kksr-stars\">\n    \n<div class=\"kksr-stars-inactive\">\n            <div class=\"kksr-star\" data-star=\"1\" style=\"padding-right: 5px\">\n            \n\n<div class=\"kksr-icon\" style=\"width: 24px; height: 24px;\"><\/div>\n        <\/div>\n            <div class=\"kksr-star\" data-star=\"2\" style=\"padding-right: 5px\">\n            \n\n<div class=\"kksr-icon\" style=\"width: 24px; height: 24px;\"><\/div>\n        <\/div>\n            <div class=\"kksr-star\" data-star=\"3\" style=\"padding-right: 5px\">\n            \n\n<div class=\"kksr-icon\" style=\"width: 24px; height: 24px;\"><\/div>\n        <\/div>\n            <div class=\"kksr-star\" data-star=\"4\" style=\"padding-right: 5px\">\n            \n\n<div class=\"kksr-icon\" style=\"width: 24px; height: 24px;\"><\/div>\n        <\/div>\n            <div class=\"kksr-star\" data-star=\"5\" style=\"padding-right: 5px\">\n            \n\n<div class=\"kksr-icon\" style=\"width: 24px; height: 24px;\"><\/div>\n        <\/div>\n    <\/div>\n    \n<div class=\"kksr-stars-active\" style=\"width: 142.5px;\">\n            <div class=\"kksr-star\" style=\"padding-right: 5px\">\n            \n\n<div class=\"kksr-icon\" style=\"width: 24px; height: 24px;\"><\/div>\n        <\/div>\n            <div class=\"kksr-star\" style=\"padding-right: 5px\">\n            \n\n<div class=\"kksr-icon\" style=\"width: 24px; height: 24px;\"><\/div>\n        <\/div>\n            <div class=\"kksr-star\" style=\"padding-right: 5px\">\n            \n\n<div class=\"kksr-icon\" style=\"width: 24px; height: 24px;\"><\/div>\n        <\/div>\n            <div class=\"kksr-star\" style=\"padding-right: 5px\">\n            \n\n<div class=\"kksr-icon\" style=\"width: 24px; height: 24px;\"><\/div>\n        <\/div>\n            <div class=\"kksr-star\" style=\"padding-right: 5px\">\n            \n\n<div class=\"kksr-icon\" style=\"width: 24px; height: 24px;\"><\/div>\n        <\/div>\n    <\/div>\n<\/div>\n    \n<div class=\"kksr-legend\">\n            5\/5 - (3 votes)    <\/div>\n<\/div>\n","protected":false},"excerpt":{"rendered":"<p>Un d\u00e9cret relatif \u00e0 la simplification des formalit\u00e9s en mati\u00e8re de droit commercial vient d\u2019\u00eatre publi\u00e9 le 11 mars 2016 (D\u00e9cret n\u00b0 2016-296). Il fait suite \u00e0 l\u2019adoption le 6 ao\u00fbt 2015 de la loi pour la croissance, l\u2019activit\u00e9 et l\u2019\u00e9galit\u00e9 des chances \u00e9conomiques dite loi Macron. Ce texte fait souffler un vent de modernisme [&hellip;]<\/p>\n","protected":false},"author":1,"featured_media":6504,"comment_status":"open","ping_status":"open","sticky":false,"template":"","format":"standard","meta":[],"categories":[412],"tags":[381,299],"yoast_head":"<!-- This site is optimized with the Yoast SEO plugin v19.1 - https:\/\/yoast.com\/wordpress\/plugins\/seo\/ -->\n<title>Simplification des formalit\u00e9s et loi Macron - LegaLife<\/title>\n<meta name=\"description\" content=\"Suite \u00e0 la Loi Macron, un D\u00e9cret vient simplifier les formalit\u00e9s des entreprise. L&#039;essentiel sur ce texte et la simplification des formalit\u00e9s commerciales.\" \/>\n<meta name=\"robots\" content=\"index, follow, max-snippet:-1, max-image-preview:large, max-video-preview:-1\" \/>\n<link rel=\"canonical\" href=\"https:\/\/www.legalife.fr\/guides-juridiques\/simplification-formalites-loi-macron\/\" \/>\n<meta property=\"og:locale\" content=\"fr_FR\" \/>\n<meta property=\"og:type\" content=\"article\" \/>\n<meta property=\"og:title\" content=\"Simplification des formalit\u00e9s et loi Macron - LegaLife\" \/>\n<meta property=\"og:description\" content=\"Suite \u00e0 la Loi Macron, un D\u00e9cret vient simplifier les formalit\u00e9s des entreprise. L&#039;essentiel sur ce texte et la simplification des formalit\u00e9s commerciales.\" \/>\n<meta property=\"og:url\" content=\"https:\/\/www.legalife.fr\/guides-juridiques\/simplification-formalites-loi-macron\/\" \/>\n<meta property=\"og:site_name\" content=\"LegaLife\" \/>\n<meta property=\"article:publisher\" content=\"https:\/\/www.facebook.com\/legalife.fr\" \/>\n<meta property=\"article:author\" content=\"https:\/\/www.facebook.com\/legalife.fr\" \/>\n<meta property=\"article:published_time\" content=\"2016-03-23T16:28:57+00:00\" \/>\n<meta property=\"article:modified_time\" content=\"2017-02-15T18:14:20+00:00\" \/>\n<meta property=\"og:image\" content=\"https:\/\/d1mxkq1wocxjoy.cloudfront.net\/guides-uploads\/2016\/03\/22225843\/formalites-loi-macron-1024x683.jpg\" \/>\n\t<meta property=\"og:image:width\" content=\"1024\" \/>\n\t<meta property=\"og:image:height\" content=\"683\" \/>\n\t<meta property=\"og:image:type\" content=\"image\/jpeg\" \/>\n<meta name=\"twitter:label1\" content=\"Written by\" \/>\n\t<meta name=\"twitter:data1\" content=\"LegaLife\" \/>\n\t<meta name=\"twitter:label2\" content=\"Est. reading time\" \/>\n\t<meta name=\"twitter:data2\" content=\"7 minutes\" \/>\n<script type=\"application\/ld+json\" class=\"yoast-schema-graph\">{\"@context\":\"https:\/\/schema.org\",\"@graph\":[{\"@type\":\"Organization\",\"@id\":\"https:\/\/www.legalife.fr\/guides-juridiques\/#organization\",\"name\":\"LegaLife\",\"url\":\"https:\/\/www.legalife.fr\/guides-juridiques\/\",\"sameAs\":[\"https:\/\/instagram.com\/lega_life\/\",\"https:\/\/www.linkedin.com\/company\/legalife\",\"https:\/\/www.pinterest.com\/Legalife_fr\/\",\"https:\/\/www.youtube.com\/channel\/UCB5gtPHHwPuKr7yHnd78f1g\",\"https:\/\/www.facebook.com\/legalife.fr\",\"https:\/\/twitter.com\/legalife\"],\"logo\":{\"@type\":\"ImageObject\",\"inLanguage\":\"fr-FR\",\"@id\":\"https:\/\/www.legalife.fr\/guides-juridiques\/#\/schema\/logo\/image\/\",\"url\":\"https:\/\/www.legalife.fr\/guides-juridiques\/wp-content\/uploads\/2016\/06\/versionslogo-01.png\",\"contentUrl\":\"https:\/\/www.legalife.fr\/guides-juridiques\/wp-content\/uploads\/2016\/06\/versionslogo-01.png\",\"width\":2292,\"height\":625,\"caption\":\"LegaLife\"},\"image\":{\"@id\":\"https:\/\/www.legalife.fr\/guides-juridiques\/#\/schema\/logo\/image\/\"}},{\"@type\":\"WebSite\",\"@id\":\"https:\/\/www.legalife.fr\/guides-juridiques\/#website\",\"url\":\"https:\/\/www.legalife.fr\/guides-juridiques\/\",\"name\":\"LegaLife\",\"description\":\"Toute l&#039;actualit\u00e9 juridique\",\"publisher\":{\"@id\":\"https:\/\/www.legalife.fr\/guides-juridiques\/#organization\"},\"potentialAction\":[{\"@type\":\"SearchAction\",\"target\":{\"@type\":\"EntryPoint\",\"urlTemplate\":\"https:\/\/www.legalife.fr\/guides-juridiques\/?s={search_term_string}\"},\"query-input\":\"required name=search_term_string\"}],\"inLanguage\":\"fr-FR\"},{\"@type\":\"ImageObject\",\"inLanguage\":\"fr-FR\",\"@id\":\"https:\/\/www.legalife.fr\/guides-juridiques\/simplification-formalites-loi-macron\/#primaryimage\",\"url\":\"https:\/\/d1mxkq1wocxjoy.cloudfront.net\/guides-uploads\/2016\/03\/22225843\/formalites-loi-macron.jpg\",\"contentUrl\":\"https:\/\/d1mxkq1wocxjoy.cloudfront.net\/guides-uploads\/2016\/03\/22225843\/formalites-loi-macron.jpg\",\"width\":5616,\"height\":3744,\"caption\":\"formalites loi macron\"},{\"@type\":\"WebPage\",\"@id\":\"https:\/\/www.legalife.fr\/guides-juridiques\/simplification-formalites-loi-macron\/#webpage\",\"url\":\"https:\/\/www.legalife.fr\/guides-juridiques\/simplification-formalites-loi-macron\/\",\"name\":\"Simplification des formalit\u00e9s et loi Macron - LegaLife\",\"isPartOf\":{\"@id\":\"https:\/\/www.legalife.fr\/guides-juridiques\/#website\"},\"primaryImageOfPage\":{\"@id\":\"https:\/\/www.legalife.fr\/guides-juridiques\/simplification-formalites-loi-macron\/#primaryimage\"},\"datePublished\":\"2016-03-23T16:28:57+00:00\",\"dateModified\":\"2017-02-15T18:14:20+00:00\",\"description\":\"Suite \u00e0 la Loi Macron, un D\u00e9cret vient simplifier les formalit\u00e9s des entreprise. L'essentiel sur ce texte et la simplification des formalit\u00e9s commerciales.\",\"breadcrumb\":{\"@id\":\"https:\/\/www.legalife.fr\/guides-juridiques\/simplification-formalites-loi-macron\/#breadcrumb\"},\"inLanguage\":\"fr-FR\",\"potentialAction\":[{\"@type\":\"ReadAction\",\"target\":[\"https:\/\/www.legalife.fr\/guides-juridiques\/simplification-formalites-loi-macron\/\"]}]},{\"@type\":\"BreadcrumbList\",\"@id\":\"https:\/\/www.legalife.fr\/guides-juridiques\/simplification-formalites-loi-macron\/#breadcrumb\",\"itemListElement\":[{\"@type\":\"ListItem\",\"position\":1,\"name\":\"Guides juridiques\",\"item\":\"https:\/\/www.legalife.fr\/guides-juridiques\/\"},{\"@type\":\"ListItem\",\"position\":2,\"name\":\"@LegalHub\",\"item\":\"https:\/\/www.legalife.fr\/guides-juridiques\/legalhub\/\"},{\"@type\":\"ListItem\",\"position\":3,\"name\":\"Simplification des formalit\u00e9s et loi Macron\"}]},{\"@type\":\"Article\",\"@id\":\"https:\/\/www.legalife.fr\/guides-juridiques\/simplification-formalites-loi-macron\/#article\",\"isPartOf\":{\"@id\":\"https:\/\/www.legalife.fr\/guides-juridiques\/simplification-formalites-loi-macron\/#webpage\"},\"author\":{\"@id\":\"https:\/\/www.legalife.fr\/guides-juridiques\/#\/schema\/person\/48a14bcb904db9d47811591521a61112\"},\"headline\":\"Simplification des formalit\u00e9s et loi Macron\",\"datePublished\":\"2016-03-23T16:28:57+00:00\",\"dateModified\":\"2017-02-15T18:14:20+00:00\",\"mainEntityOfPage\":{\"@id\":\"https:\/\/www.legalife.fr\/guides-juridiques\/simplification-formalites-loi-macron\/#webpage\"},\"wordCount\":1369,\"commentCount\":0,\"publisher\":{\"@id\":\"https:\/\/www.legalife.fr\/guides-juridiques\/#organization\"},\"image\":{\"@id\":\"https:\/\/www.legalife.fr\/guides-juridiques\/simplification-formalites-loi-macron\/#primaryimage\"},\"thumbnailUrl\":\"https:\/\/d1mxkq1wocxjoy.cloudfront.net\/guides-uploads\/2016\/03\/22225843\/formalites-loi-macron.jpg\",\"keywords\":[\"formalit\u00e9s\",\"loi macron\"],\"articleSection\":[\"Modifier les statuts\"],\"inLanguage\":\"fr-FR\",\"potentialAction\":[{\"@type\":\"CommentAction\",\"name\":\"Comment\",\"target\":[\"https:\/\/www.legalife.fr\/guides-juridiques\/simplification-formalites-loi-macron\/#respond\"]}]},{\"@type\":\"Person\",\"@id\":\"https:\/\/www.legalife.fr\/guides-juridiques\/#\/schema\/person\/48a14bcb904db9d47811591521a61112\",\"name\":\"LegaLife\",\"image\":{\"@type\":\"ImageObject\",\"inLanguage\":\"fr-FR\",\"@id\":\"https:\/\/www.legalife.fr\/guides-juridiques\/#\/schema\/person\/image\/\",\"url\":\"https:\/\/secure.gravatar.com\/avatar\/0c59f9bc966559d7cf8640cbb8b89f68?s=96&d=mm&r=g\",\"contentUrl\":\"https:\/\/secure.gravatar.com\/avatar\/0c59f9bc966559d7cf8640cbb8b89f68?s=96&d=mm&r=g\",\"caption\":\"LegaLife\"},\"description\":\"LegaLife est un site proposant un accompagnement juridique simple et accessible aux TPE\/PME et aux particuliers. Cette solution permet \u00e0 nos membres de gagner du temps et d'\u00e9conomiser de l'argent face \u00e0 leurs probl\u00e9matiques juridiques.\",\"sameAs\":[\"http:\/\/www.legalife.fr\",\"https:\/\/www.facebook.com\/legalife.fr\",\"https:\/\/www.linkedin.com\/company\/legalife\",\"https:\/\/www.pinterest.com\/Legalife_fr\/\",\"https:\/\/twitter.com\/https:\/\/twitter.com\/legalife\"],\"url\":\"https:\/\/www.legalife.fr\/guides-juridiques\/author\/admin\/\"}]}<\/script>\n<!-- \/ Yoast SEO plugin. -->","yoast_head_json":{"title":"Simplification des formalit\u00e9s et loi Macron - LegaLife","description":"Suite \u00e0 la Loi Macron, un D\u00e9cret vient simplifier les formalit\u00e9s des entreprise. L'essentiel sur ce texte et la simplification des formalit\u00e9s commerciales.","robots":{"index":"index","follow":"follow","max-snippet":"max-snippet:-1","max-image-preview":"max-image-preview:large","max-video-preview":"max-video-preview:-1"},"canonical":"https:\/\/www.legalife.fr\/guides-juridiques\/simplification-formalites-loi-macron\/","og_locale":"fr_FR","og_type":"article","og_title":"Simplification des formalit\u00e9s et loi Macron - LegaLife","og_description":"Suite \u00e0 la Loi Macron, un D\u00e9cret vient simplifier les formalit\u00e9s des entreprise. L'essentiel sur ce texte et la simplification des formalit\u00e9s commerciales.","og_url":"https:\/\/www.legalife.fr\/guides-juridiques\/simplification-formalites-loi-macron\/","og_site_name":"LegaLife","article_publisher":"https:\/\/www.facebook.com\/legalife.fr","article_author":"https:\/\/www.facebook.com\/legalife.fr","article_published_time":"2016-03-23T16:28:57+00:00","article_modified_time":"2017-02-15T18:14:20+00:00","og_image":[{"width":1024,"height":683,"url":"https:\/\/d1mxkq1wocxjoy.cloudfront.net\/guides-uploads\/2016\/03\/22225843\/formalites-loi-macron-1024x683.jpg","type":"image\/jpeg"}],"twitter_misc":{"Written by":"LegaLife","Est. reading time":"7 minutes"},"schema":{"@context":"https:\/\/schema.org","@graph":[{"@type":"Organization","@id":"https:\/\/www.legalife.fr\/guides-juridiques\/#organization","name":"LegaLife","url":"https:\/\/www.legalife.fr\/guides-juridiques\/","sameAs":["https:\/\/instagram.com\/lega_life\/","https:\/\/www.linkedin.com\/company\/legalife","https:\/\/www.pinterest.com\/Legalife_fr\/","https:\/\/www.youtube.com\/channel\/UCB5gtPHHwPuKr7yHnd78f1g","https:\/\/www.facebook.com\/legalife.fr","https:\/\/twitter.com\/legalife"],"logo":{"@type":"ImageObject","inLanguage":"fr-FR","@id":"https:\/\/www.legalife.fr\/guides-juridiques\/#\/schema\/logo\/image\/","url":"https:\/\/www.legalife.fr\/guides-juridiques\/wp-content\/uploads\/2016\/06\/versionslogo-01.png","contentUrl":"https:\/\/www.legalife.fr\/guides-juridiques\/wp-content\/uploads\/2016\/06\/versionslogo-01.png","width":2292,"height":625,"caption":"LegaLife"},"image":{"@id":"https:\/\/www.legalife.fr\/guides-juridiques\/#\/schema\/logo\/image\/"}},{"@type":"WebSite","@id":"https:\/\/www.legalife.fr\/guides-juridiques\/#website","url":"https:\/\/www.legalife.fr\/guides-juridiques\/","name":"LegaLife","description":"Toute l&#039;actualit\u00e9 juridique","publisher":{"@id":"https:\/\/www.legalife.fr\/guides-juridiques\/#organization"},"potentialAction":[{"@type":"SearchAction","target":{"@type":"EntryPoint","urlTemplate":"https:\/\/www.legalife.fr\/guides-juridiques\/?s={search_term_string}"},"query-input":"required name=search_term_string"}],"inLanguage":"fr-FR"},{"@type":"ImageObject","inLanguage":"fr-FR","@id":"https:\/\/www.legalife.fr\/guides-juridiques\/simplification-formalites-loi-macron\/#primaryimage","url":"https:\/\/d1mxkq1wocxjoy.cloudfront.net\/guides-uploads\/2016\/03\/22225843\/formalites-loi-macron.jpg","contentUrl":"https:\/\/d1mxkq1wocxjoy.cloudfront.net\/guides-uploads\/2016\/03\/22225843\/formalites-loi-macron.jpg","width":5616,"height":3744,"caption":"formalites loi macron"},{"@type":"WebPage","@id":"https:\/\/www.legalife.fr\/guides-juridiques\/simplification-formalites-loi-macron\/#webpage","url":"https:\/\/www.legalife.fr\/guides-juridiques\/simplification-formalites-loi-macron\/","name":"Simplification des formalit\u00e9s et loi Macron - LegaLife","isPartOf":{"@id":"https:\/\/www.legalife.fr\/guides-juridiques\/#website"},"primaryImageOfPage":{"@id":"https:\/\/www.legalife.fr\/guides-juridiques\/simplification-formalites-loi-macron\/#primaryimage"},"datePublished":"2016-03-23T16:28:57+00:00","dateModified":"2017-02-15T18:14:20+00:00","description":"Suite \u00e0 la Loi Macron, un D\u00e9cret vient simplifier les formalit\u00e9s des entreprise. L'essentiel sur ce texte et la simplification des formalit\u00e9s commerciales.","breadcrumb":{"@id":"https:\/\/www.legalife.fr\/guides-juridiques\/simplification-formalites-loi-macron\/#breadcrumb"},"inLanguage":"fr-FR","potentialAction":[{"@type":"ReadAction","target":["https:\/\/www.legalife.fr\/guides-juridiques\/simplification-formalites-loi-macron\/"]}]},{"@type":"BreadcrumbList","@id":"https:\/\/www.legalife.fr\/guides-juridiques\/simplification-formalites-loi-macron\/#breadcrumb","itemListElement":[{"@type":"ListItem","position":1,"name":"Guides juridiques","item":"https:\/\/www.legalife.fr\/guides-juridiques\/"},{"@type":"ListItem","position":2,"name":"@LegalHub","item":"https:\/\/www.legalife.fr\/guides-juridiques\/legalhub\/"},{"@type":"ListItem","position":3,"name":"Simplification des formalit\u00e9s et loi Macron"}]},{"@type":"Article","@id":"https:\/\/www.legalife.fr\/guides-juridiques\/simplification-formalites-loi-macron\/#article","isPartOf":{"@id":"https:\/\/www.legalife.fr\/guides-juridiques\/simplification-formalites-loi-macron\/#webpage"},"author":{"@id":"https:\/\/www.legalife.fr\/guides-juridiques\/#\/schema\/person\/48a14bcb904db9d47811591521a61112"},"headline":"Simplification des formalit\u00e9s et loi Macron","datePublished":"2016-03-23T16:28:57+00:00","dateModified":"2017-02-15T18:14:20+00:00","mainEntityOfPage":{"@id":"https:\/\/www.legalife.fr\/guides-juridiques\/simplification-formalites-loi-macron\/#webpage"},"wordCount":1369,"commentCount":0,"publisher":{"@id":"https:\/\/www.legalife.fr\/guides-juridiques\/#organization"},"image":{"@id":"https:\/\/www.legalife.fr\/guides-juridiques\/simplification-formalites-loi-macron\/#primaryimage"},"thumbnailUrl":"https:\/\/d1mxkq1wocxjoy.cloudfront.net\/guides-uploads\/2016\/03\/22225843\/formalites-loi-macron.jpg","keywords":["formalit\u00e9s","loi macron"],"articleSection":["Modifier les statuts"],"inLanguage":"fr-FR","potentialAction":[{"@type":"CommentAction","name":"Comment","target":["https:\/\/www.legalife.fr\/guides-juridiques\/simplification-formalites-loi-macron\/#respond"]}]},{"@type":"Person","@id":"https:\/\/www.legalife.fr\/guides-juridiques\/#\/schema\/person\/48a14bcb904db9d47811591521a61112","name":"LegaLife","image":{"@type":"ImageObject","inLanguage":"fr-FR","@id":"https:\/\/www.legalife.fr\/guides-juridiques\/#\/schema\/person\/image\/","url":"https:\/\/secure.gravatar.com\/avatar\/0c59f9bc966559d7cf8640cbb8b89f68?s=96&d=mm&r=g","contentUrl":"https:\/\/secure.gravatar.com\/avatar\/0c59f9bc966559d7cf8640cbb8b89f68?s=96&d=mm&r=g","caption":"LegaLife"},"description":"LegaLife est un site proposant un accompagnement juridique simple et accessible aux TPE\/PME et aux particuliers. Cette solution permet \u00e0 nos membres de gagner du temps et d'\u00e9conomiser de l'argent face \u00e0 leurs probl\u00e9matiques juridiques.","sameAs":["http:\/\/www.legalife.fr","https:\/\/www.facebook.com\/legalife.fr","https:\/\/www.linkedin.com\/company\/legalife","https:\/\/www.pinterest.com\/Legalife_fr\/","https:\/\/twitter.com\/https:\/\/twitter.com\/legalife"],"url":"https:\/\/www.legalife.fr\/guides-juridiques\/author\/admin\/"}]}},"_links":{"self":[{"href":"https:\/\/www.legalife.fr\/guides-juridiques\/wp-json\/wp\/v2\/posts\/6501"}],"collection":[{"href":"https:\/\/www.legalife.fr\/guides-juridiques\/wp-json\/wp\/v2\/posts"}],"about":[{"href":"https:\/\/www.legalife.fr\/guides-juridiques\/wp-json\/wp\/v2\/types\/post"}],"author":[{"embeddable":true,"href":"https:\/\/www.legalife.fr\/guides-juridiques\/wp-json\/wp\/v2\/users\/1"}],"replies":[{"embeddable":true,"href":"https:\/\/www.legalife.fr\/guides-juridiques\/wp-json\/wp\/v2\/comments?post=6501"}],"version-history":[{"count":5,"href":"https:\/\/www.legalife.fr\/guides-juridiques\/wp-json\/wp\/v2\/posts\/6501\/revisions"}],"predecessor-version":[{"id":7763,"href":"https:\/\/www.legalife.fr\/guides-juridiques\/wp-json\/wp\/v2\/posts\/6501\/revisions\/7763"}],"wp:featuredmedia":[{"embeddable":true,"href":"https:\/\/www.legalife.fr\/guides-juridiques\/wp-json\/wp\/v2\/media\/6504"}],"wp:attachment":[{"href":"https:\/\/www.legalife.fr\/guides-juridiques\/wp-json\/wp\/v2\/media?parent=6501"}],"wp:term":[{"taxonomy":"category","embeddable":true,"href":"https:\/\/www.legalife.fr\/guides-juridiques\/wp-json\/wp\/v2\/categories?post=6501"},{"taxonomy":"post_tag","embeddable":true,"href":"https:\/\/www.legalife.fr\/guides-juridiques\/wp-json\/wp\/v2\/tags?post=6501"}],"curies":[{"name":"wp","href":"https:\/\/api.w.org\/{rel}","templated":true}]}}