{"id":6167,"date":"2016-02-02T16:08:50","date_gmt":"2016-02-02T14:08:50","guid":{"rendered":"https:\/\/www.legalife.fr\/guides-juridiques\/?p=6167"},"modified":"2019-09-19T14:22:10","modified_gmt":"2019-09-19T13:22:10","slug":"placer-une-personne-sous-protection-juridique","status":"publish","type":"post","link":"https:\/\/www.legalife.fr\/guides-juridiques\/placer-une-personne-sous-protection-juridique\/","title":{"rendered":"Placer une personne sous protection juridique"},"content":{"rendered":"<p>Placer une personne sous protection juridique consiste \u00e0 demander au juge l\u2019ouverture d\u2019une mesure de protection \u00e0 son encontre. En effet, toute personne a des droits, qu\u2019elle peut en principe, \u00e0 compter de sa majorit\u00e9, exercer par elle-m\u00eame. A savoir, signer des contrats, agir en justice, se marier\u2026<\/p>\n<p>Cependant, une personne, en raison de son \u00e2ge, une maladie ou un trouble temporaire, peut se trouver dans une situation de vuln\u00e9rabilit\u00e9.<\/p>\n<p>Il faut alors s\u2019interroger sur la mise en place d\u2019une mesure protection juridique. Afin de l\u2019assister ou la repr\u00e9senter dans l\u2019exercice de ses droits.<\/p>\n<div id=\"toc_container\" class=\"no_bullets\"><p class=\"toc_title\">Table des mati&egrave;res<\/p><ul class=\"toc_list\"><li><a href=\"#Une_protection_juridique_est-elle_vraiment_necessaire\"><span class=\"toc_number toc_depth_1\">1<\/span> Une protection juridique est-elle vraiment n\u00e9cessaire ?<\/a><\/li><li><a href=\"#Qui_peut_demander_une_mesure_de_protection_juridique\"><span class=\"toc_number toc_depth_1\">2<\/span> Qui peut demander une mesure de protection juridique ?<\/a><\/li><li><a href=\"#A_quoi_sert_la_protection_juridique\"><span class=\"toc_number toc_depth_1\">3<\/span> A quoi sert la protection juridique ?<\/a><\/li><li><a href=\"#Quelle_mesure_pour_quel_cas\"><span class=\"toc_number toc_depth_1\">4<\/span> Quelle mesure pour quel cas ?<\/a><ul><li><a href=\"#La_sauvegarde_de_justice\"><span class=\"toc_number toc_depth_2\">4.1<\/span> La sauvegarde de justice<\/a><ul><li><a href=\"#Quest_ce_que_la_sauvegarde_de_justice\"><span class=\"toc_number toc_depth_3\">4.1.1<\/span> Qu\u2019est ce que la sauvegarde de justice ?<\/a><\/li><li><a href=\"#A_qui_sadresse_t-elle\"><span class=\"toc_number toc_depth_3\">4.1.2<\/span> A qui s\u2019adresse t-elle ?<\/a><\/li><\/ul><\/li><li><a href=\"#La_curatelle\"><span class=\"toc_number toc_depth_2\">4.2<\/span> La curatelle<\/a><ul><li><a href=\"#Quest_ce_que_la_curatelle\"><span class=\"toc_number toc_depth_3\">4.2.1<\/span> Qu\u2019est ce que la curatelle ?<\/a><\/li><li><a href=\"#A_qui_sadresse_t-elle-2\"><span class=\"toc_number toc_depth_3\">4.2.2<\/span> A qui s\u2019adresse t-elle ?<\/a><\/li><\/ul><\/li><li><a href=\"#La_tutelle\"><span class=\"toc_number toc_depth_2\">4.3<\/span> La tutelle<\/a><ul><li><a href=\"#Quest_ce_que_la_tutelle\"><span class=\"toc_number toc_depth_3\">4.3.1<\/span> Qu\u2019est ce que la tutelle ?<\/a><\/li><li><a href=\"#A_qui_sadresse_t-elle-3\"><span class=\"toc_number toc_depth_3\">4.3.2<\/span> A qui s\u2019adresse t-elle ?<\/a><\/li><\/ul><\/li><\/ul><\/li><li><a href=\"#Louverture_de_la_mesure_de_protection_juridique\"><span class=\"toc_number toc_depth_1\">5<\/span> L\u2019ouverture de la mesure de protection juridique<\/a><\/li><\/ul><\/div>\n<h2><span id=\"Une_protection_juridique_est-elle_vraiment_necessaire\">Une protection juridique est-elle vraiment n\u00e9cessaire ?<\/span><\/h2>\n<p>C\u2019est la premi\u00e8re question \u00e0 se poser. Une mesure de protection juridique, m\u00eame s\u2019il existe plusieurs degr\u00e9s de protection, reste un acte grave impliquant l\u2019intervention d\u2019une d\u00e9cision judiciaire et privant une personne de l\u2019exercice de certains droits. Elle doit donc se justifier par une v\u00e9ritable n\u00e9cessit\u00e9. Avant de recourir \u00e0 une mesure de protection juridique, des mesures plus l\u00e9g\u00e8res peuvent \u00eatre envisag\u00e9es :<\/p>\n<p><strong>&#8211; la procuration<\/strong> : il s\u2019agit d\u2019un acte \u00e9crit par lequel une personne donne pouvoir \u00e0 une autre pour agir \u00e0 sa place. Il est par exemple possible pour une personne de donner procuration \u00e0 un mandataire pour qu\u2019elle effectue \u00e0 sa place des actes aupr\u00e8s de la banque, d\u2019une administration\u2026 Cela suppose bien entendu que la personne soit en \u00e9tat de manifester sa volont\u00e9 et de consentir \u00e0 cette procuration de mani\u00e8re \u00e9clair\u00e9e.<\/p>\n<p><strong>&#8211; l\u2019habilitation judiciaire entre \u00e9poux<\/strong> : certaines dispositions du Code civil permettent \u00e0 un \u00e9poux de prendre en main la gestion du patrimoine commun mais aussi du patrimoine priv\u00e9 de son conjoint lorsqu\u2019il se trouve hors d\u2019\u00e9tat de manifester sa volont\u00e9. Il s\u2019agit des articles 217, 219, 1426 et 1429 du Code civil. L\u2019\u00e9poux peut alors, sur l\u2019un de ces fondements, \u00eatre habilit\u00e9 par le juge \u00e0 agir seul pour des actes n\u00e9cessitant en principe le consentement des deux \u00e9poux, ou pour repr\u00e9senter son conjoint.<\/p>\n<p><strong>&#8211; enfin, notez que le mandat de protection future<\/strong> permet \u00e0 l\u2019avance \u00e0 une personne d\u2019organiser sa protection, en d\u00e9signant les mandataires qu\u2019elle souhaite voir d\u00e9signer pour repr\u00e9senter sa personne et\/ou g\u00e9rer ses biens dans le cas o\u00f9 elle ne serait un jour plus en mesure de le faire.<\/p>\n<p>Si vous avez besoin de conseils sur les mesures de protection envisageables pour l&#8217;un de vos proches.<\/p>\n<p>N&#8217;h\u00e9sitez pas \u00e0 <a href=\"https:\/\/www.legalife.fr\/consulter-un-avocat\">consulter un avocat<\/a>\u00a0sur LegaLife.fr.<\/p>\n<h2><span id=\"Qui_peut_demander_une_mesure_de_protection_juridique\">Qui peut demander une mesure de protection juridique ?<\/span><\/h2>\n<p>La protection juridique est une mesure grave : elle ne peut \u00eatre demand\u00e9e que par un nombre restreint de personnes. Elle doit \u00eatre demand\u00e9e au juge des tutelles, cette demande pouvant \u00eatre effectu\u00e9e par :<\/p>\n<p>-la personne \u00e0 prot\u00e9ger<br \/>\n-son conjoint, son partenaire de PACS ou son concubin<br \/>\n-un parent<br \/>\n-une personne entretenant avec elle des liens \u00e9troits et stables<br \/>\n-la personne exer\u00e7ant \u00e0 son \u00e9gard une mesure de protection juridique<br \/>\n-le Procureur de la R\u00e9publique<br \/>\nLa demande devra \u00eatre accompagn\u00e9e d\u2019un certificat m\u00e9dical circonstanci\u00e9, r\u00e9dig\u00e9 par un m\u00e9decin figurant sur une liste \u00e9tablie par le Procureur de la R\u00e9publique.<\/p>\n<h2><span id=\"A_quoi_sert_la_protection_juridique\">A quoi sert la protection juridique ?<\/span><\/h2>\n<p>La protection juridique permet de d\u00e9signer un mandataire pour repr\u00e9senter la personne vuln\u00e9rable pour l\u2019exercice de certains de ses droits ou pour la conclusion de certains actes. Selon le degr\u00e9 de protection n\u00e9cessaire au regard de l\u2019\u00e9tat de la personne, elle sera repr\u00e9sent\u00e9e de mani\u00e8re plus ou moins continue et pour plus ou moins d\u2019actes. Il s\u2019agit de prot\u00e9ger la personne et ses biens afin d\u2019\u00e9viter qu\u2019elle ne signe des contrats qui lui sont d\u00e9favorables. Par exemple, en raison d\u2019un trouble passager ou permanent.<\/p>\n<h2><span id=\"Quelle_mesure_pour_quel_cas\">Quelle mesure pour quel cas ?<\/span><\/h2>\n<p>Il existe trois grandes mesures de protection qui correspondent chacune \u00e0 un degr\u00e9 de protection :<\/p>\n<h3><span id=\"La_sauvegarde_de_justice\">La sauvegarde de justice<\/span><\/h3>\n<h4><span id=\"Quest_ce_que_la_sauvegarde_de_justice\">Qu\u2019est ce que la sauvegarde de justice ?<\/span><\/h4>\n<p>C\u2019est la protection la plus l\u00e9g\u00e8re : il s\u2019agit d\u2019une mesure temporaire, qui peut \u00eatre ouverte tr\u00e8s rapidement en cas d\u2019urgence. Seuls certains actes d\u00e9termin\u00e9s (par exemple : la vente d\u2019une maison) sont confi\u00e9s \u00e0 un mandataire sp\u00e9cial, et la personne prot\u00e9g\u00e9e conserve pour le reste l\u2019exercice de ses droits. Cette mesure est ouverte pour un an renouvelable.<\/p>\n<h4><span id=\"A_qui_sadresse_t-elle\">A qui s\u2019adresse t-elle ?<\/span><\/h4>\n<p>Cette mesure s\u2019adresse principalement aux personnes ayant besoin d\u2019une protection temporaire. Par exemple une personne souffrant temporairement d\u2019une incapacit\u00e9 en raison d\u2019une maladie ou suite \u00e0 un accident. Ou une personne n\u2019ayant besoin que d\u2019une protection ponctuelle pour certains actes. La sauvegarde de justice peut \u00e9galement \u00eatre mise en \u0153uvre pour prot\u00e9ger la personne dans l\u2019attente de la mise en place d\u2019une tutelle ou d\u2019une curatelle.<\/p>\n<h3><span id=\"La_curatelle\">La curatelle<\/span><\/h3>\n<h4><span id=\"Quest_ce_que_la_curatelle\">Qu\u2019est ce que la curatelle ?<\/span><\/h4>\n<p>Il s\u2019agit d\u2019une mesure d\u2019assistance destin\u00e9e \u00e0 conseiller et assister le majeur pour accomplir certains actes graves. La personne prot\u00e9g\u00e9e peut ainsi continuer \u00e0 passer seule les actes de la vie courante, \u00e0 g\u00e9rer ses d\u00e9penses, et \u00e0 prendre seule les d\u00e9cisions concernant sa sant\u00e9. L\u2019assistance ou l\u2019autorisation du curateur sera en revanche n\u00e9cessaire pour les actes les plus graves : achat ou vente d\u2019immeuble, donation\u2026 Elle doit \u00e9galement obtenir l\u2019autorisation du curateur, ou \u00e0 d\u00e9faut du juge, pour se marier ou signer un PACS. Cette mesure est ouverte au maximum pour cinq ans renouvelable.<\/p>\n<h4><span id=\"A_qui_sadresse_t-elle-2\">A qui s\u2019adresse t-elle ?<\/span><\/h4>\n<p>Cette mesure s\u2019adresse aux personnes en mesure d\u2019agir par elles m\u00eames pour les actes de la vie courante. Mais qui pr\u00e9sentent certains troubles durables qui n\u00e9cessitent qu\u2019elles soient assist\u00e9es et contr\u00f4l\u00e9es de mani\u00e8re continue par une autre personne pour effectuer les actes les plus importants.<\/p>\n<h3><span id=\"La_tutelle\">La tutelle<\/span><\/h3>\n<h4><span id=\"Quest_ce_que_la_tutelle\">Qu\u2019est ce que la tutelle ?<\/span><\/h4>\n<p>La tutelle est la mesure de protection maximale. Le tuteur de la personne prot\u00e9g\u00e9e per\u00e7oit ses ressources pour son compte et g\u00e8re ses d\u00e9penses. La personne tutelle est repr\u00e9sent\u00e9e de mani\u00e8re continue pour l\u2019ensemble des actes de la vie civile. Elle ne peut effectuer seule que les petits achats de la vie quotidienne et peut choisir son lieu de r\u00e9sidence mais est repr\u00e9sent\u00e9e pour la gestion de son patrimoine. Les actes de disposition, c\u2019est-\u00e0-dire les actes les plus graves qui engagent durablement le patrimoine du majeur (vente immobili\u00e8re, donation, emprunt) n\u00e9cessitent l\u2019autorisation \u00e9crite du juge des tutelles. De m\u00eame, le mariage ou le PACS d\u2019une personne sous tutelle suppose l\u2019autorisation du juge ou du conseil de famille le cas \u00e9ch\u00e9ant, ainsi que l\u2019audition des futurs \u00e9poux et de leur entourage. Cette mesure est ouverte au maximum pour cinq ans renouvelable.<\/p>\n<h4><span id=\"A_qui_sadresse_t-elle-3\">A qui s\u2019adresse t-elle ?<\/span><\/h4>\n<p>La tutelle est mise en oeuvre pour prot\u00e9ger les personnes ayant besoin d\u2019\u00eatre repr\u00e9sent\u00e9e de mani\u00e8re continue dans les actes de la vie civile. Du fait de l\u2019alt\u00e9ration de leurs facult\u00e9s mentales ou de leurs facult\u00e9s corporelles au point d\u2019emp\u00eacher l\u2019expression de leur volont\u00e9. Elle ne peut \u00eatre mise en oeuvre que lorsque les autres mesures sont insuffisantes pour assurer sa protection.<\/p>\n<h2><span id=\"Louverture_de_la_mesure_de_protection_juridique\">L\u2019ouverture de la mesure de protection juridique<\/span><\/h2>\n<p>Il appartiendra au juge des tutelles saisi de d\u00e9cider de la mesure la plus appropri\u00e9e pour la protection du majeur. Et ce, apr\u00e8s avoir entendu la personne concern\u00e9e. La mesure ne pourra \u00eatre ordonn\u00e9e qu\u2019en cas de n\u00e9cessit\u00e9 et devra \u00eatre proportionn\u00e9e au degr\u00e9 d\u2019alt\u00e9ration des facult\u00e9s du majeur. Le juge pourra adapter le r\u00e9gime de protection juridique en \u00e9num\u00e9rant les actes que le majeur peut accomplir seul. Ou \u00e0 l\u2019inverse ceux pour lesquels il doit \u00eatre repr\u00e9sent\u00e9. Il d\u00e9signe le mandataire sp\u00e9cial, le curateur ou le tuteur du majeur, en priorit\u00e9 parmi les proches de ce dernier.<\/p>\n<p>Enfin, sachez que le majeur ne peut jamais \u00eatre repr\u00e9sent\u00e9 ou assist\u00e9 pour effectuer les actes strictement personnels. (d\u00e9claration de naissance ou reconnaissance d\u2019un enfant, actes relatifs \u00e0 l\u2019autorit\u00e9 parentale, choix du nom ou du changement de nom d\u2019un enfant,consentement \u00e0 son adoption ou \u00e0 celle de son enfant\u2026).<\/p>\n\n<div class=\"kk-star-ratings\n     kksr-valign-bottom     kksr-align-left    \"\n    data-payload=\"{&quot;align&quot;:&quot;left&quot;,&quot;id&quot;:&quot;6167&quot;,&quot;slug&quot;:&quot;default&quot;,&quot;valign&quot;:&quot;bottom&quot;,&quot;reference&quot;:&quot;auto&quot;,&quot;count&quot;:&quot;15&quot;,&quot;readonly&quot;:&quot;&quot;,&quot;score&quot;:&quot;3.5&quot;,&quot;best&quot;:&quot;5&quot;,&quot;gap&quot;:&quot;5&quot;,&quot;greet&quot;:&quot;Rate this post&quot;,&quot;legend&quot;:&quot;3.5\\\/5 - (15 votes)&quot;,&quot;size&quot;:&quot;24&quot;,&quot;width&quot;:&quot;99&quot;,&quot;_legend&quot;:&quot;{score}\\\/{best} - ({count} {votes})&quot;}\">\n    \n<div class=\"kksr-stars\">\n    \n<div class=\"kksr-stars-inactive\">\n            <div class=\"kksr-star\" data-star=\"1\" style=\"padding-right: 5px\">\n            \n\n<div class=\"kksr-icon\" style=\"width: 24px; height: 24px;\"><\/div>\n        <\/div>\n            <div class=\"kksr-star\" data-star=\"2\" style=\"padding-right: 5px\">\n            \n\n<div class=\"kksr-icon\" style=\"width: 24px; height: 24px;\"><\/div>\n        <\/div>\n            <div class=\"kksr-star\" data-star=\"3\" style=\"padding-right: 5px\">\n            \n\n<div class=\"kksr-icon\" style=\"width: 24px; height: 24px;\"><\/div>\n        <\/div>\n            <div class=\"kksr-star\" data-star=\"4\" style=\"padding-right: 5px\">\n            \n\n<div class=\"kksr-icon\" style=\"width: 24px; height: 24px;\"><\/div>\n        <\/div>\n            <div class=\"kksr-star\" data-star=\"5\" style=\"padding-right: 5px\">\n            \n\n<div class=\"kksr-icon\" style=\"width: 24px; height: 24px;\"><\/div>\n        <\/div>\n    <\/div>\n    \n<div class=\"kksr-stars-active\" style=\"width: 99px;\">\n            <div class=\"kksr-star\" style=\"padding-right: 5px\">\n            \n\n<div class=\"kksr-icon\" style=\"width: 24px; height: 24px;\"><\/div>\n        <\/div>\n            <div class=\"kksr-star\" style=\"padding-right: 5px\">\n            \n\n<div class=\"kksr-icon\" style=\"width: 24px; height: 24px;\"><\/div>\n        <\/div>\n            <div class=\"kksr-star\" style=\"padding-right: 5px\">\n            \n\n<div class=\"kksr-icon\" style=\"width: 24px; height: 24px;\"><\/div>\n        <\/div>\n            <div class=\"kksr-star\" style=\"padding-right: 5px\">\n            \n\n<div class=\"kksr-icon\" style=\"width: 24px; height: 24px;\"><\/div>\n        <\/div>\n            <div class=\"kksr-star\" style=\"padding-right: 5px\">\n            \n\n<div class=\"kksr-icon\" style=\"width: 24px; height: 24px;\"><\/div>\n        <\/div>\n    <\/div>\n<\/div>\n    \n<div class=\"kksr-legend\">\n            3.5\/5 - (15 votes)    <\/div>\n<\/div>\n","protected":false},"excerpt":{"rendered":"<p>Placer une personne sous protection juridique consiste \u00e0 demander au juge l\u2019ouverture d\u2019une mesure de protection \u00e0 son encontre. En effet, toute personne a des droits, qu\u2019elle peut en principe, \u00e0 compter de sa majorit\u00e9, exercer par elle-m\u00eame. A savoir, signer des contrats, agir en justice, se marier\u2026 Cependant, une personne, en raison de son [&hellip;]<\/p>\n","protected":false},"author":1,"featured_media":6171,"comment_status":"open","ping_status":"open","sticky":false,"template":"","format":"standard","meta":[],"categories":[253],"tags":[],"yoast_head":"<!-- This site is optimized with the Yoast SEO plugin v19.1 - https:\/\/yoast.com\/wordpress\/plugins\/seo\/ -->\n<title>Placer une personne sous protection juridique - LegaLife<\/title>\n<meta name=\"description\" content=\"Informez-vous sur la n\u00e9cessit\u00e9 de place une personne sous protection juridique, sur la proc\u00e9dure \u00e0 suivre ainsi que les conditions de placement.\" \/>\n<meta name=\"robots\" content=\"index, follow, max-snippet:-1, max-image-preview:large, max-video-preview:-1\" \/>\n<link rel=\"canonical\" href=\"https:\/\/www.legalife.fr\/guides-juridiques\/placer-une-personne-sous-protection-juridique\/\" \/>\n<meta property=\"og:locale\" content=\"fr_FR\" \/>\n<meta property=\"og:type\" content=\"article\" \/>\n<meta property=\"og:title\" content=\"Placer une personne sous protection juridique - LegaLife\" \/>\n<meta property=\"og:description\" content=\"Informez-vous sur la n\u00e9cessit\u00e9 de place une personne sous protection juridique, sur la proc\u00e9dure \u00e0 suivre ainsi que les conditions de placement.\" \/>\n<meta property=\"og:url\" content=\"https:\/\/www.legalife.fr\/guides-juridiques\/placer-une-personne-sous-protection-juridique\/\" \/>\n<meta property=\"og:site_name\" content=\"LegaLife\" \/>\n<meta property=\"article:publisher\" content=\"https:\/\/www.facebook.com\/legalife.fr\" \/>\n<meta property=\"article:author\" content=\"https:\/\/www.facebook.com\/legalife.fr\" \/>\n<meta property=\"article:published_time\" content=\"2016-02-02T14:08:50+00:00\" \/>\n<meta property=\"article:modified_time\" content=\"2019-09-19T13:22:10+00:00\" \/>\n<meta property=\"og:image\" content=\"https:\/\/d1mxkq1wocxjoy.cloudfront.net\/guides-uploads\/2016\/02\/22225912\/protection-juridique-tutelle-curatelle.jpg\" \/>\n\t<meta property=\"og:image:width\" content=\"5184\" \/>\n\t<meta property=\"og:image:height\" content=\"3456\" \/>\n\t<meta property=\"og:image:type\" content=\"image\/jpeg\" \/>\n<meta name=\"twitter:label1\" content=\"Written by\" \/>\n\t<meta name=\"twitter:data1\" content=\"LegaLife\" \/>\n\t<meta name=\"twitter:label2\" content=\"Est. reading time\" \/>\n\t<meta name=\"twitter:data2\" content=\"7 minutes\" \/>\n<script type=\"application\/ld+json\" class=\"yoast-schema-graph\">{\"@context\":\"https:\/\/schema.org\",\"@graph\":[{\"@type\":\"Organization\",\"@id\":\"https:\/\/www.legalife.fr\/guides-juridiques\/#organization\",\"name\":\"LegaLife\",\"url\":\"https:\/\/www.legalife.fr\/guides-juridiques\/\",\"sameAs\":[\"https:\/\/instagram.com\/lega_life\/\",\"https:\/\/www.linkedin.com\/company\/legalife\",\"https:\/\/www.pinterest.com\/Legalife_fr\/\",\"https:\/\/www.youtube.com\/channel\/UCB5gtPHHwPuKr7yHnd78f1g\",\"https:\/\/www.facebook.com\/legalife.fr\",\"https:\/\/twitter.com\/legalife\"],\"logo\":{\"@type\":\"ImageObject\",\"inLanguage\":\"fr-FR\",\"@id\":\"https:\/\/www.legalife.fr\/guides-juridiques\/#\/schema\/logo\/image\/\",\"url\":\"https:\/\/www.legalife.fr\/guides-juridiques\/wp-content\/uploads\/2016\/06\/versionslogo-01.png\",\"contentUrl\":\"https:\/\/www.legalife.fr\/guides-juridiques\/wp-content\/uploads\/2016\/06\/versionslogo-01.png\",\"width\":2292,\"height\":625,\"caption\":\"LegaLife\"},\"image\":{\"@id\":\"https:\/\/www.legalife.fr\/guides-juridiques\/#\/schema\/logo\/image\/\"}},{\"@type\":\"WebSite\",\"@id\":\"https:\/\/www.legalife.fr\/guides-juridiques\/#website\",\"url\":\"https:\/\/www.legalife.fr\/guides-juridiques\/\",\"name\":\"LegaLife\",\"description\":\"Toute l&#039;actualit\u00e9 juridique\",\"publisher\":{\"@id\":\"https:\/\/www.legalife.fr\/guides-juridiques\/#organization\"},\"potentialAction\":[{\"@type\":\"SearchAction\",\"target\":{\"@type\":\"EntryPoint\",\"urlTemplate\":\"https:\/\/www.legalife.fr\/guides-juridiques\/?s={search_term_string}\"},\"query-input\":\"required name=search_term_string\"}],\"inLanguage\":\"fr-FR\"},{\"@type\":\"ImageObject\",\"inLanguage\":\"fr-FR\",\"@id\":\"https:\/\/www.legalife.fr\/guides-juridiques\/placer-une-personne-sous-protection-juridique\/#primaryimage\",\"url\":\"https:\/\/d1mxkq1wocxjoy.cloudfront.net\/guides-uploads\/2016\/02\/22225912\/protection-juridique-tutelle-curatelle.jpg\",\"contentUrl\":\"https:\/\/d1mxkq1wocxjoy.cloudfront.net\/guides-uploads\/2016\/02\/22225912\/protection-juridique-tutelle-curatelle.jpg\",\"width\":5184,\"height\":3456,\"caption\":\"protection juridique tutelle curatelle\"},{\"@type\":\"WebPage\",\"@id\":\"https:\/\/www.legalife.fr\/guides-juridiques\/placer-une-personne-sous-protection-juridique\/#webpage\",\"url\":\"https:\/\/www.legalife.fr\/guides-juridiques\/placer-une-personne-sous-protection-juridique\/\",\"name\":\"Placer une personne sous protection juridique - LegaLife\",\"isPartOf\":{\"@id\":\"https:\/\/www.legalife.fr\/guides-juridiques\/#website\"},\"primaryImageOfPage\":{\"@id\":\"https:\/\/www.legalife.fr\/guides-juridiques\/placer-une-personne-sous-protection-juridique\/#primaryimage\"},\"datePublished\":\"2016-02-02T14:08:50+00:00\",\"dateModified\":\"2019-09-19T13:22:10+00:00\",\"description\":\"Informez-vous sur la n\u00e9cessit\u00e9 de place une personne sous protection juridique, sur la proc\u00e9dure \u00e0 suivre ainsi que les conditions de placement.\",\"breadcrumb\":{\"@id\":\"https:\/\/www.legalife.fr\/guides-juridiques\/placer-une-personne-sous-protection-juridique\/#breadcrumb\"},\"inLanguage\":\"fr-FR\",\"potentialAction\":[{\"@type\":\"ReadAction\",\"target\":[\"https:\/\/www.legalife.fr\/guides-juridiques\/placer-une-personne-sous-protection-juridique\/\"]}]},{\"@type\":\"BreadcrumbList\",\"@id\":\"https:\/\/www.legalife.fr\/guides-juridiques\/placer-une-personne-sous-protection-juridique\/#breadcrumb\",\"itemListElement\":[{\"@type\":\"ListItem\",\"position\":1,\"name\":\"Guides juridiques\",\"item\":\"https:\/\/www.legalife.fr\/guides-juridiques\/\"},{\"@type\":\"ListItem\",\"position\":2,\"name\":\"Famille\",\"item\":\"https:\/\/www.legalife.fr\/guides-juridiques\/famille\/\"},{\"@type\":\"ListItem\",\"position\":3,\"name\":\"Placer une personne sous protection juridique\"}]},{\"@type\":\"Article\",\"@id\":\"https:\/\/www.legalife.fr\/guides-juridiques\/placer-une-personne-sous-protection-juridique\/#article\",\"isPartOf\":{\"@id\":\"https:\/\/www.legalife.fr\/guides-juridiques\/placer-une-personne-sous-protection-juridique\/#webpage\"},\"author\":{\"@id\":\"https:\/\/www.legalife.fr\/guides-juridiques\/#\/schema\/person\/48a14bcb904db9d47811591521a61112\"},\"headline\":\"Placer une personne sous protection juridique\",\"datePublished\":\"2016-02-02T14:08:50+00:00\",\"dateModified\":\"2019-09-19T13:22:10+00:00\",\"mainEntityOfPage\":{\"@id\":\"https:\/\/www.legalife.fr\/guides-juridiques\/placer-une-personne-sous-protection-juridique\/#webpage\"},\"wordCount\":1428,\"commentCount\":2,\"publisher\":{\"@id\":\"https:\/\/www.legalife.fr\/guides-juridiques\/#organization\"},\"image\":{\"@id\":\"https:\/\/www.legalife.fr\/guides-juridiques\/placer-une-personne-sous-protection-juridique\/#primaryimage\"},\"thumbnailUrl\":\"https:\/\/d1mxkq1wocxjoy.cloudfront.net\/guides-uploads\/2016\/02\/22225912\/protection-juridique-tutelle-curatelle.jpg\",\"articleSection\":[\"Famille\"],\"inLanguage\":\"fr-FR\",\"potentialAction\":[{\"@type\":\"CommentAction\",\"name\":\"Comment\",\"target\":[\"https:\/\/www.legalife.fr\/guides-juridiques\/placer-une-personne-sous-protection-juridique\/#respond\"]}]},{\"@type\":\"Person\",\"@id\":\"https:\/\/www.legalife.fr\/guides-juridiques\/#\/schema\/person\/48a14bcb904db9d47811591521a61112\",\"name\":\"LegaLife\",\"image\":{\"@type\":\"ImageObject\",\"inLanguage\":\"fr-FR\",\"@id\":\"https:\/\/www.legalife.fr\/guides-juridiques\/#\/schema\/person\/image\/\",\"url\":\"https:\/\/secure.gravatar.com\/avatar\/0c59f9bc966559d7cf8640cbb8b89f68?s=96&d=mm&r=g\",\"contentUrl\":\"https:\/\/secure.gravatar.com\/avatar\/0c59f9bc966559d7cf8640cbb8b89f68?s=96&d=mm&r=g\",\"caption\":\"LegaLife\"},\"description\":\"LegaLife est un site proposant un accompagnement juridique simple et accessible aux TPE\/PME et aux particuliers. Cette solution permet \u00e0 nos membres de gagner du temps et d'\u00e9conomiser de l'argent face \u00e0 leurs probl\u00e9matiques juridiques.\",\"sameAs\":[\"http:\/\/www.legalife.fr\",\"https:\/\/www.facebook.com\/legalife.fr\",\"https:\/\/www.linkedin.com\/company\/legalife\",\"https:\/\/www.pinterest.com\/Legalife_fr\/\",\"https:\/\/twitter.com\/https:\/\/twitter.com\/legalife\"],\"url\":\"https:\/\/www.legalife.fr\/guides-juridiques\/author\/admin\/\"}]}<\/script>\n<!-- \/ Yoast SEO plugin. -->","yoast_head_json":{"title":"Placer une personne sous protection juridique - LegaLife","description":"Informez-vous sur la n\u00e9cessit\u00e9 de place une personne sous protection juridique, sur la proc\u00e9dure \u00e0 suivre ainsi que les conditions de placement.","robots":{"index":"index","follow":"follow","max-snippet":"max-snippet:-1","max-image-preview":"max-image-preview:large","max-video-preview":"max-video-preview:-1"},"canonical":"https:\/\/www.legalife.fr\/guides-juridiques\/placer-une-personne-sous-protection-juridique\/","og_locale":"fr_FR","og_type":"article","og_title":"Placer une personne sous protection juridique - LegaLife","og_description":"Informez-vous sur la n\u00e9cessit\u00e9 de place une personne sous protection juridique, sur la proc\u00e9dure \u00e0 suivre ainsi que les conditions de placement.","og_url":"https:\/\/www.legalife.fr\/guides-juridiques\/placer-une-personne-sous-protection-juridique\/","og_site_name":"LegaLife","article_publisher":"https:\/\/www.facebook.com\/legalife.fr","article_author":"https:\/\/www.facebook.com\/legalife.fr","article_published_time":"2016-02-02T14:08:50+00:00","article_modified_time":"2019-09-19T13:22:10+00:00","og_image":[{"width":5184,"height":3456,"url":"https:\/\/d1mxkq1wocxjoy.cloudfront.net\/guides-uploads\/2016\/02\/22225912\/protection-juridique-tutelle-curatelle.jpg","type":"image\/jpeg"}],"twitter_misc":{"Written by":"LegaLife","Est. reading time":"7 minutes"},"schema":{"@context":"https:\/\/schema.org","@graph":[{"@type":"Organization","@id":"https:\/\/www.legalife.fr\/guides-juridiques\/#organization","name":"LegaLife","url":"https:\/\/www.legalife.fr\/guides-juridiques\/","sameAs":["https:\/\/instagram.com\/lega_life\/","https:\/\/www.linkedin.com\/company\/legalife","https:\/\/www.pinterest.com\/Legalife_fr\/","https:\/\/www.youtube.com\/channel\/UCB5gtPHHwPuKr7yHnd78f1g","https:\/\/www.facebook.com\/legalife.fr","https:\/\/twitter.com\/legalife"],"logo":{"@type":"ImageObject","inLanguage":"fr-FR","@id":"https:\/\/www.legalife.fr\/guides-juridiques\/#\/schema\/logo\/image\/","url":"https:\/\/www.legalife.fr\/guides-juridiques\/wp-content\/uploads\/2016\/06\/versionslogo-01.png","contentUrl":"https:\/\/www.legalife.fr\/guides-juridiques\/wp-content\/uploads\/2016\/06\/versionslogo-01.png","width":2292,"height":625,"caption":"LegaLife"},"image":{"@id":"https:\/\/www.legalife.fr\/guides-juridiques\/#\/schema\/logo\/image\/"}},{"@type":"WebSite","@id":"https:\/\/www.legalife.fr\/guides-juridiques\/#website","url":"https:\/\/www.legalife.fr\/guides-juridiques\/","name":"LegaLife","description":"Toute l&#039;actualit\u00e9 juridique","publisher":{"@id":"https:\/\/www.legalife.fr\/guides-juridiques\/#organization"},"potentialAction":[{"@type":"SearchAction","target":{"@type":"EntryPoint","urlTemplate":"https:\/\/www.legalife.fr\/guides-juridiques\/?s={search_term_string}"},"query-input":"required name=search_term_string"}],"inLanguage":"fr-FR"},{"@type":"ImageObject","inLanguage":"fr-FR","@id":"https:\/\/www.legalife.fr\/guides-juridiques\/placer-une-personne-sous-protection-juridique\/#primaryimage","url":"https:\/\/d1mxkq1wocxjoy.cloudfront.net\/guides-uploads\/2016\/02\/22225912\/protection-juridique-tutelle-curatelle.jpg","contentUrl":"https:\/\/d1mxkq1wocxjoy.cloudfront.net\/guides-uploads\/2016\/02\/22225912\/protection-juridique-tutelle-curatelle.jpg","width":5184,"height":3456,"caption":"protection juridique tutelle curatelle"},{"@type":"WebPage","@id":"https:\/\/www.legalife.fr\/guides-juridiques\/placer-une-personne-sous-protection-juridique\/#webpage","url":"https:\/\/www.legalife.fr\/guides-juridiques\/placer-une-personne-sous-protection-juridique\/","name":"Placer une personne sous protection juridique - LegaLife","isPartOf":{"@id":"https:\/\/www.legalife.fr\/guides-juridiques\/#website"},"primaryImageOfPage":{"@id":"https:\/\/www.legalife.fr\/guides-juridiques\/placer-une-personne-sous-protection-juridique\/#primaryimage"},"datePublished":"2016-02-02T14:08:50+00:00","dateModified":"2019-09-19T13:22:10+00:00","description":"Informez-vous sur la n\u00e9cessit\u00e9 de place une personne sous protection juridique, sur la proc\u00e9dure \u00e0 suivre ainsi que les conditions de placement.","breadcrumb":{"@id":"https:\/\/www.legalife.fr\/guides-juridiques\/placer-une-personne-sous-protection-juridique\/#breadcrumb"},"inLanguage":"fr-FR","potentialAction":[{"@type":"ReadAction","target":["https:\/\/www.legalife.fr\/guides-juridiques\/placer-une-personne-sous-protection-juridique\/"]}]},{"@type":"BreadcrumbList","@id":"https:\/\/www.legalife.fr\/guides-juridiques\/placer-une-personne-sous-protection-juridique\/#breadcrumb","itemListElement":[{"@type":"ListItem","position":1,"name":"Guides juridiques","item":"https:\/\/www.legalife.fr\/guides-juridiques\/"},{"@type":"ListItem","position":2,"name":"Famille","item":"https:\/\/www.legalife.fr\/guides-juridiques\/famille\/"},{"@type":"ListItem","position":3,"name":"Placer une personne sous protection juridique"}]},{"@type":"Article","@id":"https:\/\/www.legalife.fr\/guides-juridiques\/placer-une-personne-sous-protection-juridique\/#article","isPartOf":{"@id":"https:\/\/www.legalife.fr\/guides-juridiques\/placer-une-personne-sous-protection-juridique\/#webpage"},"author":{"@id":"https:\/\/www.legalife.fr\/guides-juridiques\/#\/schema\/person\/48a14bcb904db9d47811591521a61112"},"headline":"Placer une personne sous protection juridique","datePublished":"2016-02-02T14:08:50+00:00","dateModified":"2019-09-19T13:22:10+00:00","mainEntityOfPage":{"@id":"https:\/\/www.legalife.fr\/guides-juridiques\/placer-une-personne-sous-protection-juridique\/#webpage"},"wordCount":1428,"commentCount":2,"publisher":{"@id":"https:\/\/www.legalife.fr\/guides-juridiques\/#organization"},"image":{"@id":"https:\/\/www.legalife.fr\/guides-juridiques\/placer-une-personne-sous-protection-juridique\/#primaryimage"},"thumbnailUrl":"https:\/\/d1mxkq1wocxjoy.cloudfront.net\/guides-uploads\/2016\/02\/22225912\/protection-juridique-tutelle-curatelle.jpg","articleSection":["Famille"],"inLanguage":"fr-FR","potentialAction":[{"@type":"CommentAction","name":"Comment","target":["https:\/\/www.legalife.fr\/guides-juridiques\/placer-une-personne-sous-protection-juridique\/#respond"]}]},{"@type":"Person","@id":"https:\/\/www.legalife.fr\/guides-juridiques\/#\/schema\/person\/48a14bcb904db9d47811591521a61112","name":"LegaLife","image":{"@type":"ImageObject","inLanguage":"fr-FR","@id":"https:\/\/www.legalife.fr\/guides-juridiques\/#\/schema\/person\/image\/","url":"https:\/\/secure.gravatar.com\/avatar\/0c59f9bc966559d7cf8640cbb8b89f68?s=96&d=mm&r=g","contentUrl":"https:\/\/secure.gravatar.com\/avatar\/0c59f9bc966559d7cf8640cbb8b89f68?s=96&d=mm&r=g","caption":"LegaLife"},"description":"LegaLife est un site proposant un accompagnement juridique simple et accessible aux TPE\/PME et aux particuliers. Cette solution permet \u00e0 nos membres de gagner du temps et d'\u00e9conomiser de l'argent face \u00e0 leurs probl\u00e9matiques juridiques.","sameAs":["http:\/\/www.legalife.fr","https:\/\/www.facebook.com\/legalife.fr","https:\/\/www.linkedin.com\/company\/legalife","https:\/\/www.pinterest.com\/Legalife_fr\/","https:\/\/twitter.com\/https:\/\/twitter.com\/legalife"],"url":"https:\/\/www.legalife.fr\/guides-juridiques\/author\/admin\/"}]}},"_links":{"self":[{"href":"https:\/\/www.legalife.fr\/guides-juridiques\/wp-json\/wp\/v2\/posts\/6167"}],"collection":[{"href":"https:\/\/www.legalife.fr\/guides-juridiques\/wp-json\/wp\/v2\/posts"}],"about":[{"href":"https:\/\/www.legalife.fr\/guides-juridiques\/wp-json\/wp\/v2\/types\/post"}],"author":[{"embeddable":true,"href":"https:\/\/www.legalife.fr\/guides-juridiques\/wp-json\/wp\/v2\/users\/1"}],"replies":[{"embeddable":true,"href":"https:\/\/www.legalife.fr\/guides-juridiques\/wp-json\/wp\/v2\/comments?post=6167"}],"version-history":[{"count":6,"href":"https:\/\/www.legalife.fr\/guides-juridiques\/wp-json\/wp\/v2\/posts\/6167\/revisions"}],"predecessor-version":[{"id":10605,"href":"https:\/\/www.legalife.fr\/guides-juridiques\/wp-json\/wp\/v2\/posts\/6167\/revisions\/10605"}],"wp:featuredmedia":[{"embeddable":true,"href":"https:\/\/www.legalife.fr\/guides-juridiques\/wp-json\/wp\/v2\/media\/6171"}],"wp:attachment":[{"href":"https:\/\/www.legalife.fr\/guides-juridiques\/wp-json\/wp\/v2\/media?parent=6167"}],"wp:term":[{"taxonomy":"category","embeddable":true,"href":"https:\/\/www.legalife.fr\/guides-juridiques\/wp-json\/wp\/v2\/categories?post=6167"},{"taxonomy":"post_tag","embeddable":true,"href":"https:\/\/www.legalife.fr\/guides-juridiques\/wp-json\/wp\/v2\/tags?post=6167"}],"curies":[{"name":"wp","href":"https:\/\/api.w.org\/{rel}","templated":true}]}}