{"id":5049,"date":"2015-11-24T12:26:17","date_gmt":"2015-11-24T11:26:17","guid":{"rendered":"https:\/\/www.legalife.fr\/blog\/?p=5049"},"modified":"2017-02-16T12:50:23","modified_gmt":"2017-02-16T11:50:23","slug":"conge-afin-de-reprise-pour-habiter","status":"publish","type":"post","link":"https:\/\/www.legalife.fr\/guides-juridiques\/conge-afin-de-reprise-pour-habiter\/","title":{"rendered":"Le cong\u00e9 afin de reprise pour habiter"},"content":{"rendered":"<p style=\"text-align: justify;\">Vous \u00eates\u00a0<a href=\"https:\/\/www.legalife.fr\/patrimoine-immobilier-residentiel\">propri\u00e9taire d\u2019un logement<\/a>\u00a0? Vous souhaitez le reprendre pour y habiter ou pour y loger un membre de votre famille mais il constitue la r\u00e9sidence principale de votre locataire\u00a0? Quelle proc\u00e9dure devez-vous suivre\u00a0? De quels droits dispose le locataire\u00a0? Legalife vous guide pas \u00e0 pas pour donner votre cong\u00e9 afin de reprise pour habiter.<\/p>\n<p class=\"p1\"><span class=\"s1\"><a class=\"mks_button mks_button_large squared\" href=\"https:\/\/www.legalife.fr\/modele\/conge-pour-habiter\/\" target=\"_self\" style=\"color: #FFFFFF; background-color: #ff7e00\" ><i class=\"fa fa-angle-right\"><\/i><b>R\u00e9diger une lettre de cong\u00e9 en quelques clics<\/b><\/a><\/span><\/p>\n<div id=\"toc_container\" class=\"no_bullets\"><p class=\"toc_title\">Table des mati&egrave;res<\/p><ul class=\"toc_list\"><li><a href=\"#Quand_donner_conge_afin_de_reprise_pour_habiter\"><span class=\"toc_number toc_depth_1\">1<\/span> Quand donner cong\u00e9 afin de reprise pour habiter ?<\/a><\/li><li><a href=\"#Quel_type_de_bailleur_est_recevable_a_mettre_en_oeuvre_le_conge_de_reprise_pour_habiter\"><span class=\"toc_number toc_depth_1\">2<\/span> Quel type de bailleur est recevable \u00e0 mettre en \u0153uvre le cong\u00e9 de reprise pour habiter ?<\/a><\/li><li><a href=\"#A_qui_envoyer_le_conge_de_reprise_pour_habiter\"><span class=\"toc_number toc_depth_1\">3<\/span> A qui envoyer le cong\u00e9 de reprise pour habiter ?<\/a><\/li><li><a href=\"#Tous_les_locataires_peuvent-ils_etre_congedies\"><span class=\"toc_number toc_depth_1\">4<\/span> Tous les locataires peuvent-ils \u00eatre \u00ab cong\u00e9di\u00e9s \u00bb ?<\/a><\/li><li><a href=\"#Que_doit_mentionner_le_conge_de_reprise_pour_habiter\"><span class=\"toc_number toc_depth_1\">5<\/span> Que doit mentionner le cong\u00e9 de reprise pour habiter ?<\/a><\/li><li><a href=\"#Quels_sont_les_beneficiaires_de_la_reprise\"><span class=\"toc_number toc_depth_1\">6<\/span> Quels sont les b\u00e9n\u00e9ficiaires de la reprise ?<\/a><\/li><\/ul><\/div>\n<h2 style=\"text-align: justify;\"><span id=\"Quand_donner_conge_afin_de_reprise_pour_habiter\">Quand donner cong\u00e9 afin de reprise pour habiter ?<\/span><\/h2>\n<p class=\"row baseline--default\" style=\"text-align: justify;\">La proc\u00e9dure pour donner cong\u00e9 \u00e0 un locataire d\u2019un bail d\u2019habitation est strictement encadr\u00e9e. Le non-respect des conditions de fond et de forme entrainent ainsi la nullit\u00e9 du cong\u00e9 et le renouvellement automatique du bail. Il est donc important de les respecter.<\/p>\n<p style=\"text-align: justify;\">Le cong\u00e9 ne peut en principe \u00eatre donn\u00e9 qu\u2019en fin de bail.<\/p>\n<p style=\"text-align: justify;\">Pour les baux conclus ou renouvel\u00e9s depuis le 27 mars 2014, si le bien a \u00e9t\u00e9 acquis pendant le d\u00e9roulement du bail des locataires y habitant et que le terme de leur bail arrive dans moins de deux ans, le droit de reprise du nouveau propri\u00e9taire est repouss\u00e9. Ce afin que les locataires disposent d\u2019au moins deux ans avant d\u2019\u00eatre susceptibles de recevoir un cong\u00e9 de leur propri\u00e9taire.<\/p>\n<h2 style=\"text-align: justify;\"><span id=\"Quel_type_de_bailleur_est_recevable_a_mettre_en_oeuvre_le_conge_de_reprise_pour_habiter\">Quel type de bailleur est recevable \u00e0 mettre en \u0153uvre le cong\u00e9 de reprise pour habiter ?<\/span><\/h2>\n<p class=\"row baseline--default\" style=\"text-align: justify;\">Les bailleurs peuvent \u00eatre des personnes physiques ou des personnes morales.<\/p>\n<p style=\"text-align: justify;\">Les premi\u00e8res peuvent sans difficult\u00e9 reprendre le bien immobilier pour s\u2019y loger.<\/p>\n<p style=\"text-align: justify;\">Les personnes morales n\u2019ont par contre pas ce droit. Sauf dans le cas d\u2019une soci\u00e9t\u00e9 civile immobili\u00e8re (SCI) qui reprendrait un bien immobilier pour y loger l\u2019un de ses associ\u00e9s. Les ascendants et descendants ne peuvent toutefois b\u00e9n\u00e9ficier de ce droit.<\/p>\n<p style=\"text-align: justify;\"><img loading=\"lazy\" class=\"wp-image-8118 alignnone\" src=\"https:\/\/d1mxkq1wocxjoy.cloudfront.net\/guides-uploads\/2015\/11\/16124650\/iaw5qyehncc-nathan-anderson-300x200.jpg\" alt=\"Donner cong\u00e9 afin de reprise pour habiter\" width=\"745\" height=\"497\" srcset=\"https:\/\/d1mxkq1wocxjoy.cloudfront.net\/guides-uploads\/2015\/11\/16124650\/iaw5qyehncc-nathan-anderson-300x200.jpg 300w, https:\/\/d1mxkq1wocxjoy.cloudfront.net\/guides-uploads\/2015\/11\/16124650\/iaw5qyehncc-nathan-anderson-768x513.jpg 768w, https:\/\/d1mxkq1wocxjoy.cloudfront.net\/guides-uploads\/2015\/11\/16124650\/iaw5qyehncc-nathan-anderson-1024x684.jpg 1024w, https:\/\/d1mxkq1wocxjoy.cloudfront.net\/guides-uploads\/2015\/11\/16124650\/iaw5qyehncc-nathan-anderson-810x541.jpg 810w, https:\/\/d1mxkq1wocxjoy.cloudfront.net\/guides-uploads\/2015\/11\/16124650\/iaw5qyehncc-nathan-anderson-1140x761.jpg 1140w\" sizes=\"(max-width: 745px) 100vw, 745px\" \/><\/p>\n<h2 style=\"text-align: justify;\"><span id=\"A_qui_envoyer_le_conge_de_reprise_pour_habiter\">A qui envoyer le cong\u00e9 de reprise pour habiter ?<\/span><\/h2>\n<p class=\"row baseline--default\" style=\"text-align: justify;\">Si les locataires sont de simples locataires conjoints, sans lien de solidarit\u00e9, chacun d\u2019entre eux doit recevoir une notification du cong\u00e9.<\/p>\n<p style=\"text-align: justify;\">A d\u00e9faut, ce dernier ne sera pas applicable aux locataires n\u2019en ayant pas \u00e9t\u00e9 destinataires. Si les locataires sont solidaires, la notification \u00e0 l\u2019un d\u2019entre eux vaut alors pour tous. Mais leur solidarit\u00e9 ne dispense pas le bailleur, d\u2019apr\u00e8s la Cour de cassation, de notifier le cong\u00e9 \u00e0 l\u2019ensemble des locataires.<\/p>\n<p style=\"text-align: justify;\">Si les locataires sont mari\u00e9s ou pacs\u00e9s et que le bailleur en a \u00e9t\u00e9 inform\u00e9, il doit faire notifier le cong\u00e9 aux deux.<\/p>\n<h2 style=\"text-align: justify;\"><span id=\"Tous_les_locataires_peuvent-ils_etre_congedies\">Tous les locataires peuvent-ils \u00eatre \u00ab cong\u00e9di\u00e9s \u00bb ?<\/span><\/h2>\n<p class=\"row baseline--default\" style=\"text-align: justify;\">Certains locataires plus vuln\u00e9rables b\u00e9n\u00e9ficient d\u2019une protection particuli\u00e8re.<\/p>\n<p style=\"text-align: justify;\">Ainsi, un bailleur ne peut refuser le droit au renouvellement du bail pour un locataire \u00e2g\u00e9 de soixante-dix ans et percevant des revenus inf\u00e9rieurs \u00e0 une fois et demi le SMIC annuel. Cette protection cesse toutefois s\u2019il existe un relogement correspondant aux besoins et ressources du locataire dans un p\u00e9rim\u00e8tre raisonnablement proche de l\u2019ancien logement.<\/p>\n<p style=\"text-align: justify;\">Si le bail a \u00e9t\u00e9 sign\u00e9 ou renouvel\u00e9 \u00e0 partir du 27 mars 2014, la condition d\u2019\u00e2ge est abaiss\u00e9e \u00e0 soixante-cinq ans. En outre, le montant des revenus n&#8217;est plus\u00a0compar\u00e9 au SMIC. Il est d\u00e9sormais appr\u00e9ci\u00e9 en fonction des\u00a0ressources n\u00e9cessaires pour l\u2019attribution d\u2019un logement locatif conventionn\u00e9.<\/p>\n<h2 style=\"text-align: justify;\"><span id=\"Que_doit_mentionner_le_conge_de_reprise_pour_habiter\">Que doit mentionner le cong\u00e9 de reprise pour habiter ?<\/span><\/h2>\n<p class=\"row baseline--default\" style=\"text-align: justify;\"><a class=\"mks_button mks_button_large squared\" href=\"https:\/\/www.legalife.fr\/modele\/conge-pour-habiter\/\" target=\"_self\" style=\"color: #FFFFFF; background-color: #ff7e00\" ><i class=\"fa fa-angle-right\"><\/i><b>R\u00e9diger un cong\u00e9 de reprise pour habiter<\/b><\/a>\n<p class=\"row baseline--default\" style=\"text-align: justify;\">La d\u00e9cision de donner cong\u00e9 afin de reprise reste une d\u00e9cision unilat\u00e9rale du bailleur. Celui-ci est toutefois tenu de motiver sa d\u00e9cision.<\/p>\n<p style=\"text-align: justify;\">Il devra donc indiquer le motif de la reprise ainsi que l\u2019identit\u00e9 et l\u2019adresse du b\u00e9n\u00e9ficiaire de la reprise. Pour les baux conclus ou renouvel\u00e9s \u00e0 compter du 27 mars 2014, doit \u00e9galement \u00eatre pr\u00e9cis\u00e9 le lien de parent\u00e9 existant entre lui et le b\u00e9n\u00e9ficiaire de la reprise. Par ailleurs, pour ces derniers baux, il devra justifier du caract\u00e8re r\u00e9el et s\u00e9rieux de la reprise. Le cong\u00e9 doit alors s&#8217;accompagner d\u2019une notice mentionnant les voies de recours et d\u2019indemnisation ouvertes au locataire. Le caract\u00e8re r\u00e9el et s\u00e9rieux devra probablement faire l\u2019objet d\u2019une d\u00e9finition jurisprudentielle ou l\u00e9gislative avec la pratique \u00e0 venir.<\/p>\n<p style=\"text-align: justify;\">Le cong\u00e9 afin de reprise peut \u00eatre envoy\u00e9 par lettre recommand\u00e9e avec accus\u00e9 de r\u00e9ception. Il peut \u00e9galement \u00eatre transmis par acte d\u2019huissier ou remis en main propre contre d\u00e9charge. Doit en outre \u00eatre respect\u00e9 un d\u00e9lai de pr\u00e9avis de 6 mois. Il commence \u00e0 courir au jour de la signification de l\u2019acte de l\u2019huissier ou \u00e0 la date appos\u00e9e par l\u2019administration des postes sur le bordereau lors de la remise effective de la lettre \u00e0 son destinataire.<\/p>\n<h2 style=\"text-align: justify;\"><span id=\"Quels_sont_les_beneficiaires_de_la_reprise\">Quels sont les b\u00e9n\u00e9ficiaires de la reprise ?<\/span><\/h2>\n<p class=\"row baseline--default\" style=\"text-align: justify;\">Le bien doit \u00eatre repris pour que le bailleur s\u2019y loge ou y loge un proche au titre de sa r\u00e9sidence permanente.<\/p>\n<p style=\"text-align: justify;\">Ce proche peut \u00eatre un descendant ou un ascendant, son conjoint et ses ascendants et descendants, son partenaire et ses ascendants et descendants, ou encore son concubin notoire depuis plus d\u2019un an et ses ascendants et descendants si le bailleur est une personne physique. Il ne peut s\u2019agir que d\u2019un associ\u00e9 de la SCI si le bailleur est une SCI.<\/p>\n<dl class=\"col-left span6\">\n<dt class=\"title--small\"><span style=\"text-decoration: underline;\">Documents li\u00e9s<\/span><\/dt>\n<dd><a class=\"link link--doc\" title=\"Cong\u00e9 pour habiter\" href=\"https:\/\/www.legalife.fr\/modele\/conge-pour-habiter\">Cong\u00e9 pour habiter<\/a><\/dd>\n<dd><a class=\"link link--doc\" title=\"Cong\u00e9 pour vendre\" href=\"https:\/\/www.legalife.fr\/modele\/conge-pour-vendre\">Mod\u00e8le de cong\u00e9 pour vendre<\/a><\/dd>\n<dd><a class=\"link link--doc\" title=\"Cong\u00e9 pour motif s\u00e9rieux et l\u00e9gitime\" href=\"https:\/\/www.legalife.fr\/modele\/conge-pour-motif-serieux-et-legitime\">Cong\u00e9 pour motif s\u00e9rieux et l\u00e9gitime<\/a><\/dd>\n<\/dl>\n<dl class=\"col-left span6\">\n<dt class=\"title--small\"><span style=\"text-decoration: underline;\">Articles li\u00e9s<\/span><\/dt>\n<dd><a class=\"link link--doc\" title=\"Le cong\u00e9 pour vendre\" href=\"https:\/\/www.legalife.fr\/guides-juridiques\/le-conge-pour-vendre\">Le cong\u00e9 pour vendre<\/a><\/dd>\n<\/dl>\n\n<div class=\"kk-star-ratings\n     kksr-valign-bottom     kksr-align-left    \"\n    data-payload=\"{&quot;align&quot;:&quot;left&quot;,&quot;id&quot;:&quot;5049&quot;,&quot;slug&quot;:&quot;default&quot;,&quot;valign&quot;:&quot;bottom&quot;,&quot;reference&quot;:&quot;auto&quot;,&quot;count&quot;:&quot;15&quot;,&quot;readonly&quot;:&quot;&quot;,&quot;score&quot;:&quot;4.7&quot;,&quot;best&quot;:&quot;5&quot;,&quot;gap&quot;:&quot;5&quot;,&quot;greet&quot;:&quot;Rate this post&quot;,&quot;legend&quot;:&quot;4.7\\\/5 - (15 votes)&quot;,&quot;size&quot;:&quot;24&quot;,&quot;width&quot;:&quot;133.8&quot;,&quot;_legend&quot;:&quot;{score}\\\/{best} - ({count} {votes})&quot;}\">\n    \n<div class=\"kksr-stars\">\n    \n<div class=\"kksr-stars-inactive\">\n            <div class=\"kksr-star\" data-star=\"1\" style=\"padding-right: 5px\">\n            \n\n<div class=\"kksr-icon\" style=\"width: 24px; height: 24px;\"><\/div>\n        <\/div>\n            <div class=\"kksr-star\" data-star=\"2\" style=\"padding-right: 5px\">\n            \n\n<div class=\"kksr-icon\" style=\"width: 24px; height: 24px;\"><\/div>\n        <\/div>\n            <div class=\"kksr-star\" data-star=\"3\" style=\"padding-right: 5px\">\n            \n\n<div class=\"kksr-icon\" style=\"width: 24px; height: 24px;\"><\/div>\n        <\/div>\n            <div class=\"kksr-star\" data-star=\"4\" style=\"padding-right: 5px\">\n            \n\n<div class=\"kksr-icon\" style=\"width: 24px; height: 24px;\"><\/div>\n        <\/div>\n            <div class=\"kksr-star\" data-star=\"5\" style=\"padding-right: 5px\">\n            \n\n<div class=\"kksr-icon\" style=\"width: 24px; height: 24px;\"><\/div>\n        <\/div>\n    <\/div>\n    \n<div class=\"kksr-stars-active\" style=\"width: 133.8px;\">\n            <div class=\"kksr-star\" style=\"padding-right: 5px\">\n            \n\n<div class=\"kksr-icon\" style=\"width: 24px; height: 24px;\"><\/div>\n        <\/div>\n            <div class=\"kksr-star\" style=\"padding-right: 5px\">\n            \n\n<div class=\"kksr-icon\" style=\"width: 24px; height: 24px;\"><\/div>\n        <\/div>\n            <div class=\"kksr-star\" style=\"padding-right: 5px\">\n            \n\n<div class=\"kksr-icon\" style=\"width: 24px; height: 24px;\"><\/div>\n        <\/div>\n            <div class=\"kksr-star\" style=\"padding-right: 5px\">\n            \n\n<div class=\"kksr-icon\" style=\"width: 24px; height: 24px;\"><\/div>\n        <\/div>\n            <div class=\"kksr-star\" style=\"padding-right: 5px\">\n            \n\n<div class=\"kksr-icon\" style=\"width: 24px; height: 24px;\"><\/div>\n        <\/div>\n    <\/div>\n<\/div>\n    \n<div class=\"kksr-legend\">\n            4.7\/5 - (15 votes)    <\/div>\n<\/div>\n","protected":false},"excerpt":{"rendered":"<p>Vous \u00eates\u00a0propri\u00e9taire d\u2019un logement\u00a0? Vous souhaitez le reprendre pour y habiter ou pour y loger un membre de votre famille mais il constitue la r\u00e9sidence principale de votre locataire\u00a0? Quelle proc\u00e9dure devez-vous suivre\u00a0? De quels droits dispose le locataire\u00a0? Legalife vous guide pas \u00e0 pas pour donner votre cong\u00e9 afin de reprise pour habiter. Table [&hellip;]<\/p>\n","protected":false},"author":1,"featured_media":5091,"comment_status":"open","ping_status":"open","sticky":false,"template":"","format":"standard","meta":[],"categories":[407],"tags":[361,150,335,29,329],"yoast_head":"<!-- This site is optimized with the Yoast SEO plugin v19.1 - https:\/\/yoast.com\/wordpress\/plugins\/seo\/ -->\n<title>Le cong\u00e9 afin de reprise pour habiter - LegaLife<\/title>\n<meta name=\"description\" content=\"Le cong\u00e9 afin de reprise vous permet de reprendre votre logement en location pour y habiter ou pour y loger un membre de votre famille.\" \/>\n<meta name=\"robots\" content=\"index, follow, max-snippet:-1, max-image-preview:large, max-video-preview:-1\" \/>\n<link rel=\"canonical\" href=\"https:\/\/www.legalife.fr\/guides-juridiques\/conge-afin-de-reprise-pour-habiter\/\" \/>\n<meta property=\"og:locale\" content=\"fr_FR\" \/>\n<meta property=\"og:type\" content=\"article\" \/>\n<meta property=\"og:title\" content=\"Le cong\u00e9 afin de reprise pour habiter - LegaLife\" \/>\n<meta property=\"og:description\" content=\"Le cong\u00e9 afin de reprise vous permet de reprendre votre logement en location pour y habiter ou pour y loger un membre de votre famille.\" \/>\n<meta property=\"og:url\" content=\"https:\/\/www.legalife.fr\/guides-juridiques\/conge-afin-de-reprise-pour-habiter\/\" \/>\n<meta property=\"og:site_name\" content=\"LegaLife\" \/>\n<meta property=\"article:publisher\" content=\"https:\/\/www.facebook.com\/legalife.fr\" \/>\n<meta property=\"article:author\" content=\"https:\/\/www.facebook.com\/legalife.fr\" \/>\n<meta property=\"article:published_time\" content=\"2015-11-24T11:26:17+00:00\" \/>\n<meta property=\"article:modified_time\" content=\"2017-02-16T11:50:23+00:00\" \/>\n<meta property=\"og:image\" content=\"https:\/\/d1mxkq1wocxjoy.cloudfront.net\/guides-uploads\/2015\/11\/22230042\/cong%C3%A9-afin-de-reprise-pour-habiter-1024x680.jpg\" \/>\n\t<meta property=\"og:image:width\" content=\"1024\" \/>\n\t<meta property=\"og:image:height\" content=\"680\" \/>\n\t<meta property=\"og:image:type\" content=\"image\/jpeg\" \/>\n<meta name=\"twitter:label1\" content=\"Written by\" \/>\n\t<meta name=\"twitter:data1\" content=\"LegaLife\" \/>\n\t<meta name=\"twitter:label2\" content=\"Est. reading time\" \/>\n\t<meta name=\"twitter:data2\" content=\"5 minutes\" \/>\n<script type=\"application\/ld+json\" class=\"yoast-schema-graph\">{\"@context\":\"https:\/\/schema.org\",\"@graph\":[{\"@type\":\"Organization\",\"@id\":\"https:\/\/www.legalife.fr\/guides-juridiques\/#organization\",\"name\":\"LegaLife\",\"url\":\"https:\/\/www.legalife.fr\/guides-juridiques\/\",\"sameAs\":[\"https:\/\/instagram.com\/lega_life\/\",\"https:\/\/www.linkedin.com\/company\/legalife\",\"https:\/\/www.pinterest.com\/Legalife_fr\/\",\"https:\/\/www.youtube.com\/channel\/UCB5gtPHHwPuKr7yHnd78f1g\",\"https:\/\/www.facebook.com\/legalife.fr\",\"https:\/\/twitter.com\/legalife\"],\"logo\":{\"@type\":\"ImageObject\",\"inLanguage\":\"fr-FR\",\"@id\":\"https:\/\/www.legalife.fr\/guides-juridiques\/#\/schema\/logo\/image\/\",\"url\":\"https:\/\/www.legalife.fr\/guides-juridiques\/wp-content\/uploads\/2016\/06\/versionslogo-01.png\",\"contentUrl\":\"https:\/\/www.legalife.fr\/guides-juridiques\/wp-content\/uploads\/2016\/06\/versionslogo-01.png\",\"width\":2292,\"height\":625,\"caption\":\"LegaLife\"},\"image\":{\"@id\":\"https:\/\/www.legalife.fr\/guides-juridiques\/#\/schema\/logo\/image\/\"}},{\"@type\":\"WebSite\",\"@id\":\"https:\/\/www.legalife.fr\/guides-juridiques\/#website\",\"url\":\"https:\/\/www.legalife.fr\/guides-juridiques\/\",\"name\":\"LegaLife\",\"description\":\"Toute l&#039;actualit\u00e9 juridique\",\"publisher\":{\"@id\":\"https:\/\/www.legalife.fr\/guides-juridiques\/#organization\"},\"potentialAction\":[{\"@type\":\"SearchAction\",\"target\":{\"@type\":\"EntryPoint\",\"urlTemplate\":\"https:\/\/www.legalife.fr\/guides-juridiques\/?s={search_term_string}\"},\"query-input\":\"required name=search_term_string\"}],\"inLanguage\":\"fr-FR\"},{\"@type\":\"ImageObject\",\"inLanguage\":\"fr-FR\",\"@id\":\"https:\/\/www.legalife.fr\/guides-juridiques\/conge-afin-de-reprise-pour-habiter\/#primaryimage\",\"url\":\"https:\/\/d1mxkq1wocxjoy.cloudfront.net\/guides-uploads\/2015\/11\/22230042\/cong%C3%A9-afin-de-reprise-pour-habiter.jpg\",\"contentUrl\":\"https:\/\/d1mxkq1wocxjoy.cloudfront.net\/guides-uploads\/2015\/11\/22230042\/cong%C3%A9-afin-de-reprise-pour-habiter.jpg\",\"width\":4288,\"height\":2848,\"caption\":\"cong\u00e9 afin de reprise pour habiter\"},{\"@type\":\"WebPage\",\"@id\":\"https:\/\/www.legalife.fr\/guides-juridiques\/conge-afin-de-reprise-pour-habiter\/#webpage\",\"url\":\"https:\/\/www.legalife.fr\/guides-juridiques\/conge-afin-de-reprise-pour-habiter\/\",\"name\":\"Le cong\u00e9 afin de reprise pour habiter - LegaLife\",\"isPartOf\":{\"@id\":\"https:\/\/www.legalife.fr\/guides-juridiques\/#website\"},\"primaryImageOfPage\":{\"@id\":\"https:\/\/www.legalife.fr\/guides-juridiques\/conge-afin-de-reprise-pour-habiter\/#primaryimage\"},\"datePublished\":\"2015-11-24T11:26:17+00:00\",\"dateModified\":\"2017-02-16T11:50:23+00:00\",\"description\":\"Le cong\u00e9 afin de reprise vous permet de reprendre votre logement en location pour y habiter ou pour y loger un membre de votre famille.\",\"breadcrumb\":{\"@id\":\"https:\/\/www.legalife.fr\/guides-juridiques\/conge-afin-de-reprise-pour-habiter\/#breadcrumb\"},\"inLanguage\":\"fr-FR\",\"potentialAction\":[{\"@type\":\"ReadAction\",\"target\":[\"https:\/\/www.legalife.fr\/guides-juridiques\/conge-afin-de-reprise-pour-habiter\/\"]}]},{\"@type\":\"BreadcrumbList\",\"@id\":\"https:\/\/www.legalife.fr\/guides-juridiques\/conge-afin-de-reprise-pour-habiter\/#breadcrumb\",\"itemListElement\":[{\"@type\":\"ListItem\",\"position\":1,\"name\":\"Guides juridiques\",\"item\":\"https:\/\/www.legalife.fr\/guides-juridiques\/\"},{\"@type\":\"ListItem\",\"position\":2,\"name\":\"Immobilier\",\"item\":\"https:\/\/www.legalife.fr\/guides-juridiques\/immobilier\/\"},{\"@type\":\"ListItem\",\"position\":3,\"name\":\"Louer un logement\",\"item\":\"https:\/\/www.legalife.fr\/guides-juridiques\/immobilier\/louer-un-logement\/\"},{\"@type\":\"ListItem\",\"position\":4,\"name\":\"Le cong\u00e9 afin de reprise pour habiter\"}]},{\"@type\":\"Article\",\"@id\":\"https:\/\/www.legalife.fr\/guides-juridiques\/conge-afin-de-reprise-pour-habiter\/#article\",\"isPartOf\":{\"@id\":\"https:\/\/www.legalife.fr\/guides-juridiques\/conge-afin-de-reprise-pour-habiter\/#webpage\"},\"author\":{\"@id\":\"https:\/\/www.legalife.fr\/guides-juridiques\/#\/schema\/person\/48a14bcb904db9d47811591521a61112\"},\"headline\":\"Le cong\u00e9 afin de reprise pour habiter\",\"datePublished\":\"2015-11-24T11:26:17+00:00\",\"dateModified\":\"2017-02-16T11:50:23+00:00\",\"mainEntityOfPage\":{\"@id\":\"https:\/\/www.legalife.fr\/guides-juridiques\/conge-afin-de-reprise-pour-habiter\/#webpage\"},\"wordCount\":967,\"commentCount\":2,\"publisher\":{\"@id\":\"https:\/\/www.legalife.fr\/guides-juridiques\/#organization\"},\"image\":{\"@id\":\"https:\/\/www.legalife.fr\/guides-juridiques\/conge-afin-de-reprise-pour-habiter\/#primaryimage\"},\"thumbnailUrl\":\"https:\/\/d1mxkq1wocxjoy.cloudfront.net\/guides-uploads\/2015\/11\/22230042\/cong%C3%A9-afin-de-reprise-pour-habiter.jpg\",\"keywords\":[\"avocat en droit de l'immobilier\",\"Bail d'habitation\",\"cong\u00e9\",\"Cong\u00e9 pour reprise\",\"contrat de bail\"],\"articleSection\":[\"Louer un logement\"],\"inLanguage\":\"fr-FR\",\"potentialAction\":[{\"@type\":\"CommentAction\",\"name\":\"Comment\",\"target\":[\"https:\/\/www.legalife.fr\/guides-juridiques\/conge-afin-de-reprise-pour-habiter\/#respond\"]}]},{\"@type\":\"Person\",\"@id\":\"https:\/\/www.legalife.fr\/guides-juridiques\/#\/schema\/person\/48a14bcb904db9d47811591521a61112\",\"name\":\"LegaLife\",\"image\":{\"@type\":\"ImageObject\",\"inLanguage\":\"fr-FR\",\"@id\":\"https:\/\/www.legalife.fr\/guides-juridiques\/#\/schema\/person\/image\/\",\"url\":\"https:\/\/secure.gravatar.com\/avatar\/0c59f9bc966559d7cf8640cbb8b89f68?s=96&d=mm&r=g\",\"contentUrl\":\"https:\/\/secure.gravatar.com\/avatar\/0c59f9bc966559d7cf8640cbb8b89f68?s=96&d=mm&r=g\",\"caption\":\"LegaLife\"},\"description\":\"LegaLife est un site proposant un accompagnement juridique simple et accessible aux TPE\/PME et aux particuliers. Cette solution permet \u00e0 nos membres de gagner du temps et d'\u00e9conomiser de l'argent face \u00e0 leurs probl\u00e9matiques juridiques.\",\"sameAs\":[\"http:\/\/www.legalife.fr\",\"https:\/\/www.facebook.com\/legalife.fr\",\"https:\/\/www.linkedin.com\/company\/legalife\",\"https:\/\/www.pinterest.com\/Legalife_fr\/\",\"https:\/\/twitter.com\/https:\/\/twitter.com\/legalife\"],\"url\":\"https:\/\/www.legalife.fr\/guides-juridiques\/author\/admin\/\"}]}<\/script>\n<!-- \/ Yoast SEO plugin. -->","yoast_head_json":{"title":"Le cong\u00e9 afin de reprise pour habiter - LegaLife","description":"Le cong\u00e9 afin de reprise vous permet de reprendre votre logement en location pour y habiter ou pour y loger un membre de votre famille.","robots":{"index":"index","follow":"follow","max-snippet":"max-snippet:-1","max-image-preview":"max-image-preview:large","max-video-preview":"max-video-preview:-1"},"canonical":"https:\/\/www.legalife.fr\/guides-juridiques\/conge-afin-de-reprise-pour-habiter\/","og_locale":"fr_FR","og_type":"article","og_title":"Le cong\u00e9 afin de reprise pour habiter - LegaLife","og_description":"Le cong\u00e9 afin de reprise vous permet de reprendre votre logement en location pour y habiter ou pour y loger un membre de votre famille.","og_url":"https:\/\/www.legalife.fr\/guides-juridiques\/conge-afin-de-reprise-pour-habiter\/","og_site_name":"LegaLife","article_publisher":"https:\/\/www.facebook.com\/legalife.fr","article_author":"https:\/\/www.facebook.com\/legalife.fr","article_published_time":"2015-11-24T11:26:17+00:00","article_modified_time":"2017-02-16T11:50:23+00:00","og_image":[{"width":1024,"height":680,"url":"https:\/\/d1mxkq1wocxjoy.cloudfront.net\/guides-uploads\/2015\/11\/22230042\/cong%C3%A9-afin-de-reprise-pour-habiter-1024x680.jpg","type":"image\/jpeg"}],"twitter_misc":{"Written by":"LegaLife","Est. reading time":"5 minutes"},"schema":{"@context":"https:\/\/schema.org","@graph":[{"@type":"Organization","@id":"https:\/\/www.legalife.fr\/guides-juridiques\/#organization","name":"LegaLife","url":"https:\/\/www.legalife.fr\/guides-juridiques\/","sameAs":["https:\/\/instagram.com\/lega_life\/","https:\/\/www.linkedin.com\/company\/legalife","https:\/\/www.pinterest.com\/Legalife_fr\/","https:\/\/www.youtube.com\/channel\/UCB5gtPHHwPuKr7yHnd78f1g","https:\/\/www.facebook.com\/legalife.fr","https:\/\/twitter.com\/legalife"],"logo":{"@type":"ImageObject","inLanguage":"fr-FR","@id":"https:\/\/www.legalife.fr\/guides-juridiques\/#\/schema\/logo\/image\/","url":"https:\/\/www.legalife.fr\/guides-juridiques\/wp-content\/uploads\/2016\/06\/versionslogo-01.png","contentUrl":"https:\/\/www.legalife.fr\/guides-juridiques\/wp-content\/uploads\/2016\/06\/versionslogo-01.png","width":2292,"height":625,"caption":"LegaLife"},"image":{"@id":"https:\/\/www.legalife.fr\/guides-juridiques\/#\/schema\/logo\/image\/"}},{"@type":"WebSite","@id":"https:\/\/www.legalife.fr\/guides-juridiques\/#website","url":"https:\/\/www.legalife.fr\/guides-juridiques\/","name":"LegaLife","description":"Toute l&#039;actualit\u00e9 juridique","publisher":{"@id":"https:\/\/www.legalife.fr\/guides-juridiques\/#organization"},"potentialAction":[{"@type":"SearchAction","target":{"@type":"EntryPoint","urlTemplate":"https:\/\/www.legalife.fr\/guides-juridiques\/?s={search_term_string}"},"query-input":"required name=search_term_string"}],"inLanguage":"fr-FR"},{"@type":"ImageObject","inLanguage":"fr-FR","@id":"https:\/\/www.legalife.fr\/guides-juridiques\/conge-afin-de-reprise-pour-habiter\/#primaryimage","url":"https:\/\/d1mxkq1wocxjoy.cloudfront.net\/guides-uploads\/2015\/11\/22230042\/cong%C3%A9-afin-de-reprise-pour-habiter.jpg","contentUrl":"https:\/\/d1mxkq1wocxjoy.cloudfront.net\/guides-uploads\/2015\/11\/22230042\/cong%C3%A9-afin-de-reprise-pour-habiter.jpg","width":4288,"height":2848,"caption":"cong\u00e9 afin de reprise pour habiter"},{"@type":"WebPage","@id":"https:\/\/www.legalife.fr\/guides-juridiques\/conge-afin-de-reprise-pour-habiter\/#webpage","url":"https:\/\/www.legalife.fr\/guides-juridiques\/conge-afin-de-reprise-pour-habiter\/","name":"Le cong\u00e9 afin de reprise pour habiter - LegaLife","isPartOf":{"@id":"https:\/\/www.legalife.fr\/guides-juridiques\/#website"},"primaryImageOfPage":{"@id":"https:\/\/www.legalife.fr\/guides-juridiques\/conge-afin-de-reprise-pour-habiter\/#primaryimage"},"datePublished":"2015-11-24T11:26:17+00:00","dateModified":"2017-02-16T11:50:23+00:00","description":"Le cong\u00e9 afin de reprise vous permet de reprendre votre logement en location pour y habiter ou pour y loger un membre de votre famille.","breadcrumb":{"@id":"https:\/\/www.legalife.fr\/guides-juridiques\/conge-afin-de-reprise-pour-habiter\/#breadcrumb"},"inLanguage":"fr-FR","potentialAction":[{"@type":"ReadAction","target":["https:\/\/www.legalife.fr\/guides-juridiques\/conge-afin-de-reprise-pour-habiter\/"]}]},{"@type":"BreadcrumbList","@id":"https:\/\/www.legalife.fr\/guides-juridiques\/conge-afin-de-reprise-pour-habiter\/#breadcrumb","itemListElement":[{"@type":"ListItem","position":1,"name":"Guides juridiques","item":"https:\/\/www.legalife.fr\/guides-juridiques\/"},{"@type":"ListItem","position":2,"name":"Immobilier","item":"https:\/\/www.legalife.fr\/guides-juridiques\/immobilier\/"},{"@type":"ListItem","position":3,"name":"Louer un logement","item":"https:\/\/www.legalife.fr\/guides-juridiques\/immobilier\/louer-un-logement\/"},{"@type":"ListItem","position":4,"name":"Le cong\u00e9 afin de reprise pour habiter"}]},{"@type":"Article","@id":"https:\/\/www.legalife.fr\/guides-juridiques\/conge-afin-de-reprise-pour-habiter\/#article","isPartOf":{"@id":"https:\/\/www.legalife.fr\/guides-juridiques\/conge-afin-de-reprise-pour-habiter\/#webpage"},"author":{"@id":"https:\/\/www.legalife.fr\/guides-juridiques\/#\/schema\/person\/48a14bcb904db9d47811591521a61112"},"headline":"Le cong\u00e9 afin de reprise pour habiter","datePublished":"2015-11-24T11:26:17+00:00","dateModified":"2017-02-16T11:50:23+00:00","mainEntityOfPage":{"@id":"https:\/\/www.legalife.fr\/guides-juridiques\/conge-afin-de-reprise-pour-habiter\/#webpage"},"wordCount":967,"commentCount":2,"publisher":{"@id":"https:\/\/www.legalife.fr\/guides-juridiques\/#organization"},"image":{"@id":"https:\/\/www.legalife.fr\/guides-juridiques\/conge-afin-de-reprise-pour-habiter\/#primaryimage"},"thumbnailUrl":"https:\/\/d1mxkq1wocxjoy.cloudfront.net\/guides-uploads\/2015\/11\/22230042\/cong%C3%A9-afin-de-reprise-pour-habiter.jpg","keywords":["avocat en droit de l'immobilier","Bail d'habitation","cong\u00e9","Cong\u00e9 pour reprise","contrat de bail"],"articleSection":["Louer un logement"],"inLanguage":"fr-FR","potentialAction":[{"@type":"CommentAction","name":"Comment","target":["https:\/\/www.legalife.fr\/guides-juridiques\/conge-afin-de-reprise-pour-habiter\/#respond"]}]},{"@type":"Person","@id":"https:\/\/www.legalife.fr\/guides-juridiques\/#\/schema\/person\/48a14bcb904db9d47811591521a61112","name":"LegaLife","image":{"@type":"ImageObject","inLanguage":"fr-FR","@id":"https:\/\/www.legalife.fr\/guides-juridiques\/#\/schema\/person\/image\/","url":"https:\/\/secure.gravatar.com\/avatar\/0c59f9bc966559d7cf8640cbb8b89f68?s=96&d=mm&r=g","contentUrl":"https:\/\/secure.gravatar.com\/avatar\/0c59f9bc966559d7cf8640cbb8b89f68?s=96&d=mm&r=g","caption":"LegaLife"},"description":"LegaLife est un site proposant un accompagnement juridique simple et accessible aux TPE\/PME et aux particuliers. Cette solution permet \u00e0 nos membres de gagner du temps et d'\u00e9conomiser de l'argent face \u00e0 leurs probl\u00e9matiques juridiques.","sameAs":["http:\/\/www.legalife.fr","https:\/\/www.facebook.com\/legalife.fr","https:\/\/www.linkedin.com\/company\/legalife","https:\/\/www.pinterest.com\/Legalife_fr\/","https:\/\/twitter.com\/https:\/\/twitter.com\/legalife"],"url":"https:\/\/www.legalife.fr\/guides-juridiques\/author\/admin\/"}]}},"_links":{"self":[{"href":"https:\/\/www.legalife.fr\/guides-juridiques\/wp-json\/wp\/v2\/posts\/5049"}],"collection":[{"href":"https:\/\/www.legalife.fr\/guides-juridiques\/wp-json\/wp\/v2\/posts"}],"about":[{"href":"https:\/\/www.legalife.fr\/guides-juridiques\/wp-json\/wp\/v2\/types\/post"}],"author":[{"embeddable":true,"href":"https:\/\/www.legalife.fr\/guides-juridiques\/wp-json\/wp\/v2\/users\/1"}],"replies":[{"embeddable":true,"href":"https:\/\/www.legalife.fr\/guides-juridiques\/wp-json\/wp\/v2\/comments?post=5049"}],"version-history":[{"count":9,"href":"https:\/\/www.legalife.fr\/guides-juridiques\/wp-json\/wp\/v2\/posts\/5049\/revisions"}],"predecessor-version":[{"id":8119,"href":"https:\/\/www.legalife.fr\/guides-juridiques\/wp-json\/wp\/v2\/posts\/5049\/revisions\/8119"}],"wp:featuredmedia":[{"embeddable":true,"href":"https:\/\/www.legalife.fr\/guides-juridiques\/wp-json\/wp\/v2\/media\/5091"}],"wp:attachment":[{"href":"https:\/\/www.legalife.fr\/guides-juridiques\/wp-json\/wp\/v2\/media?parent=5049"}],"wp:term":[{"taxonomy":"category","embeddable":true,"href":"https:\/\/www.legalife.fr\/guides-juridiques\/wp-json\/wp\/v2\/categories?post=5049"},{"taxonomy":"post_tag","embeddable":true,"href":"https:\/\/www.legalife.fr\/guides-juridiques\/wp-json\/wp\/v2\/tags?post=5049"}],"curies":[{"name":"wp","href":"https:\/\/api.w.org\/{rel}","templated":true}]}}