{"id":4873,"date":"2015-11-24T12:26:16","date_gmt":"2015-11-24T10:26:16","guid":{"rendered":"https:\/\/www.legalife.fr\/blog\/?p=4873"},"modified":"2015-12-15T16:59:11","modified_gmt":"2015-12-15T14:59:11","slug":"le-bail-professionnel","status":"publish","type":"post","link":"https:\/\/www.legalife.fr\/guides-juridiques\/le-bail-professionnel\/","title":{"rendered":"Le bail professionnel"},"content":{"rendered":"<p class=\"row baseline--default\" style=\"text-align: justify;\">Outre le bail d&#8217;habitation et le bail commercial, il existe aussi le bail professionnel. LegaLife vous en dit plus sur ce contrat de bail sp\u00e9cifique.<\/p>\n<div id=\"toc_container\" class=\"no_bullets\"><p class=\"toc_title\">Table des mati&egrave;res<\/p><ul class=\"toc_list\"><li><a href=\"#Quest-ce_quun_contrat_de_bail_a_usage_exclusivement_professionnel\"><span class=\"toc_number toc_depth_1\">1<\/span> Qu\u2019est-ce qu\u2019un contrat de bail \u00e0 usage exclusivement professionnel ?<\/a><\/li><li><a href=\"#Existe-t-il_des_conditions_particulieres_pour_louer_un_bail_professionnel\"><span class=\"toc_number toc_depth_1\">2<\/span> Existe-t-il des conditions particuli\u00e8res pour louer un bail professionnel ?<\/a><\/li><li><a href=\"#Quels_elements_doivent_obligatoirement_figurer_dans_le_bail_professionnel\"><span class=\"toc_number toc_depth_1\">3<\/span> Quels \u00e9l\u00e9ments doivent obligatoirement figurer dans le bail professionnel ?<\/a><\/li><li><a href=\"#Combien_de_temps_dure_un_bail_professionnel\"><span class=\"toc_number toc_depth_1\">4<\/span> Combien de temps dure un bail professionnel ?<\/a><\/li><li><a href=\"#Quel_loyer_pour_un_bail_professionnel\"><span class=\"toc_number toc_depth_1\">5<\/span> Quel loyer pour un bail professionnel ?<\/a><\/li><li><a href=\"#Comment_mettre_fin_a_un_contrat_de_bail_professionnel\"><span class=\"toc_number toc_depth_1\">6<\/span> Comment mettre fin \u00e0 un contrat de bail professionnel ?<\/a><\/li><\/ul><\/div>\n<h2 style=\"text-align: justify;\"><span id=\"Quest-ce_quun_contrat_de_bail_a_usage_exclusivement_professionnel\">Qu\u2019est-ce qu\u2019un contrat de bail \u00e0 usage exclusivement professionnel ?<\/span><\/h2>\n<p class=\"row baseline--default\" style=\"text-align: justify;\">Un bail \u00e0 usage exclusivement professionnel est l\u2019\u00e9quivalent du <a href=\"https:\/\/www.legalife.fr\/modele\/bail-commercial\">bail commercial<\/a> pour les soci\u00e9t\u00e9s non-commerciales\u00a0: il concerne donc les soci\u00e9t\u00e9s poursuivant une activit\u00e9 lib\u00e9rale, r\u00e9glement\u00e9e ou non. La soci\u00e9t\u00e9 locataire aura ainsi une activit\u00e9 ni commerciale, ni artisanale, ni industrielle, ni agricole.<\/p>\n<p style=\"text-align: justify;\">Il est moins contraignant que le bail commercial, mais il reste soumis \u00e0 une r\u00e9glementation sp\u00e9cifique. Par ailleurs, ce bail ne permet pas \u00e0 l\u2019occupant de r\u00e9sider dans les locaux\u00a0: ce n\u2019est pas un bail d\u2019habitation, ni un bail mixte.<\/p>\n<h2 style=\"text-align: justify;\"><span id=\"Existe-t-il_des_conditions_particulieres_pour_louer_un_bail_professionnel\">Existe-t-il des conditions particuli\u00e8res pour louer un bail professionnel ?<\/span><\/h2>\n<p class=\"row baseline--default\" style=\"text-align: justify;\">Le locataire doit \u00eatre avoir pour objectif de poursuivre une profession dont les revenus sont soumis aux b\u00e9n\u00e9fices non commerciaux (BNC). Si la soci\u00e9t\u00e9 est enregistr\u00e9e au Registre du Commerce et des Soci\u00e9t\u00e9s, elle devra signer un bail commercial.<\/p>\n<p style=\"text-align: justify;\">Cela concerne donc la plupart des professions lib\u00e9rales, r\u00e9glement\u00e9es (experts-comptables, avocats, \u2026) comme non r\u00e9glement\u00e9es (conseils en gestion, agents d\u2019affaires, \u2026). Certaines en sont par contre exclues et doivent signer un bail commercial\u00a0: agents d\u2019assurances, agents immobiliers, opticiens, g\u00e9n\u00e9alogistes.<\/p>\n<p style=\"text-align: justify;\">La Cour de Cassation a \u00e9galement admis que des associations signent un bail professionnel.<br \/>\nComme le bail commercial, il est obligatoire que le bail professionnel soit r\u00e9dig\u00e9 \u00e0 l\u2019\u00e9crit.<\/p>\n<h2 style=\"text-align: justify;\"><span id=\"Quels_elements_doivent_obligatoirement_figurer_dans_le_bail_professionnel\">Quels \u00e9l\u00e9ments doivent obligatoirement figurer dans le bail professionnel ?<\/span><\/h2>\n<p class=\"row baseline--default\" style=\"text-align: justify;\">La pr\u00e9cision la plus importante est la destination des locaux\u00a0: le bail doit faire mention de la profession du locataire, et des activit\u00e9s r\u00e9alis\u00e9es sur place dans l\u2019exercice de cette profession. Toute activit\u00e9 qui n\u2019a pas \u00e9t\u00e9 incluse dans le bail serait interdite, et soumise \u00e0 autorisation du bailleur.<\/p>\n<p style=\"text-align: justify;\">Cependant, ni l&#8217;usage que le locataire peut en faire ni la nature des locaux ne peuvent modifier la qualification \u00e0 retenir du\u00a0bail. Une activit\u00e9 commerciale ne transformerait donc pas le bail professionnel en bail commercial.<\/p>\n<p style=\"text-align: justify;\">Bien que la loi ne r\u00e9glemente pas ces questions, elle impose que soient inscrits dans le bail le montant du loyer et ses modalit\u00e9s de paiement (et de r\u00e9vision le cas \u00e9ch\u00e9ant), les garanties de paiement, la r\u00e9partition des charges et des obligations d&#8217;entretien et de r\u00e9paration, et enfin les assurances.<\/p>\n<p style=\"text-align: justify;\">En principe, le bail peut \u00eatre c\u00e9d\u00e9 ou donn\u00e9 lieu \u00e0 sous-location, avec autorisation du bailleur. Les parties peuvent en d\u00e9cider autrement, mais elles devront l\u2019\u00e9crire dans le bail.<\/p>\n<h2 style=\"text-align: justify;\"><span id=\"Combien_de_temps_dure_un_bail_professionnel\">Combien de temps dure un bail professionnel ?<\/span><\/h2>\n<p class=\"row baseline--default\" style=\"text-align: justify;\">La dur\u00e9e minimale d\u2019un bail professionnel est de 6 ans. Cela signifie que le bailleur ne pourra pas r\u00e9silier le bail avant une p\u00e9riode de 6 ans.<\/p>\n<p style=\"text-align: justify;\">Ce minimum signifie que les parties peuvent s\u2019accorder pour un bail plus long.<\/p>\n<p style=\"text-align: justify;\">Le bail professionnel peut aussi \u00eatre renouvel\u00e9. Ce renouvellement doit \u00eatre expr\u00e8s, \u00e0 moins que les parties pr\u00e9voient dans le contrat initial la possibilit\u00e9 d\u2019une reconduction tacite.<\/p>\n<p style=\"text-align: justify;\">Un renouvellement vaut toujours pour la dur\u00e9e pr\u00e9vue initialement (si les parties ont pr\u00e9vu un contrat de 9 ans, la reconduction vaudra aussi pour 9 ann\u00e9es).<\/p>\n<h2 style=\"text-align: justify;\"><span id=\"Quel_loyer_pour_un_bail_professionnel\">Quel loyer pour un bail professionnel ?<\/span><\/h2>\n<p class=\"row baseline--default\" style=\"text-align: justify;\">Le montant du loyer pour un bail professionnel est libre\u00a0: il est th\u00e9oriquement le fruit des n\u00e9gociations entre bailleur et locataire. En tout cas, son montant et les modalit\u00e9s de paiement doivent \u00eatre inscrits dans le contrat.<\/p>\n<p style=\"text-align: justify;\">Le loyer peut donner lieu \u00e0 r\u00e9vision, mais cette r\u00e9vision doit \u00eatre pr\u00e9vue dans le bail. Le cas \u00e9ch\u00e9ant, ce dernier devra \u00e9galement faire mention des indices de r\u00e9f\u00e9rence de l\u2019INSEE choisis pour calculer le montant de la r\u00e9vision.<\/p>\n<p style=\"text-align: justify;\">A toutes fins utiles, le d\u00e9p\u00f4t de garantie demeure une question distincte du loyer. Il ne lui est pas assimilable et doit \u00eatre restitu\u00e9 en fin de bail, sauf incident. Son montant ne peut pas d\u00e9passer l\u2019\u00e9quivalent de 2 mois de loyer. Sinon, il doit produire des int\u00e9r\u00eats.<\/p>\n<h2 style=\"text-align: justify;\"><span id=\"Comment_mettre_fin_a_un_contrat_de_bail_professionnel\">Comment mettre fin \u00e0 un contrat de bail professionnel ?<\/span><\/h2>\n<p class=\"row baseline--default\" style=\"text-align: justify;\">Le locataire peut quitter les locaux \u00e0 tout moment, \u00e0 condition de l&#8217;avoir notifi\u00e9 \u00e0 son bailleur en respectant un pr\u00e9avis de 6 mois, par lettre recommand\u00e9e avec avis de r\u00e9ception ou par exploit d&#8217;huissier.<\/p>\n<p style=\"text-align: justify;\">Le bailleur, quant \u00e0 lui, ne peut mettre fin au contrat qu&#8217;\u00e0 expiration de la dur\u00e9e pr\u00e9vue.<\/p>\n<p style=\"text-align: justify;\">Si le bailleur ou le locataire ne souhaite pas renouveler le contrat \u00e0 son expiration, il doit le notifier \u00e0 l&#8217;autre partie avec un pr\u00e9avis de 6 mois, sans avoir \u00e0 le justifier sp\u00e9cifiquement et sans contrepartie financi\u00e8re.<\/p>\n\n<div class=\"kk-star-ratings\n     kksr-valign-bottom     kksr-align-left    \"\n    data-payload=\"{&quot;align&quot;:&quot;left&quot;,&quot;id&quot;:&quot;4873&quot;,&quot;slug&quot;:&quot;default&quot;,&quot;valign&quot;:&quot;bottom&quot;,&quot;reference&quot;:&quot;auto&quot;,&quot;count&quot;:&quot;5&quot;,&quot;readonly&quot;:&quot;&quot;,&quot;score&quot;:&quot;4.6&quot;,&quot;best&quot;:&quot;5&quot;,&quot;gap&quot;:&quot;5&quot;,&quot;greet&quot;:&quot;Rate this post&quot;,&quot;legend&quot;:&quot;4.6\\\/5 - (5 votes)&quot;,&quot;size&quot;:&quot;24&quot;,&quot;width&quot;:&quot;130.9&quot;,&quot;_legend&quot;:&quot;{score}\\\/{best} - ({count} {votes})&quot;}\">\n    \n<div class=\"kksr-stars\">\n    \n<div class=\"kksr-stars-inactive\">\n            <div class=\"kksr-star\" data-star=\"1\" style=\"padding-right: 5px\">\n            \n\n<div class=\"kksr-icon\" style=\"width: 24px; height: 24px;\"><\/div>\n        <\/div>\n            <div class=\"kksr-star\" data-star=\"2\" style=\"padding-right: 5px\">\n            \n\n<div class=\"kksr-icon\" style=\"width: 24px; height: 24px;\"><\/div>\n        <\/div>\n            <div class=\"kksr-star\" data-star=\"3\" style=\"padding-right: 5px\">\n            \n\n<div class=\"kksr-icon\" style=\"width: 24px; height: 24px;\"><\/div>\n        <\/div>\n            <div class=\"kksr-star\" data-star=\"4\" style=\"padding-right: 5px\">\n            \n\n<div class=\"kksr-icon\" style=\"width: 24px; height: 24px;\"><\/div>\n        <\/div>\n            <div class=\"kksr-star\" data-star=\"5\" style=\"padding-right: 5px\">\n            \n\n<div class=\"kksr-icon\" style=\"width: 24px; height: 24px;\"><\/div>\n        <\/div>\n    <\/div>\n    \n<div class=\"kksr-stars-active\" style=\"width: 130.9px;\">\n            <div class=\"kksr-star\" style=\"padding-right: 5px\">\n            \n\n<div class=\"kksr-icon\" style=\"width: 24px; height: 24px;\"><\/div>\n        <\/div>\n            <div class=\"kksr-star\" style=\"padding-right: 5px\">\n            \n\n<div class=\"kksr-icon\" style=\"width: 24px; height: 24px;\"><\/div>\n        <\/div>\n            <div class=\"kksr-star\" style=\"padding-right: 5px\">\n            \n\n<div class=\"kksr-icon\" style=\"width: 24px; height: 24px;\"><\/div>\n        <\/div>\n            <div class=\"kksr-star\" style=\"padding-right: 5px\">\n            \n\n<div class=\"kksr-icon\" style=\"width: 24px; height: 24px;\"><\/div>\n        <\/div>\n            <div class=\"kksr-star\" style=\"padding-right: 5px\">\n            \n\n<div class=\"kksr-icon\" style=\"width: 24px; height: 24px;\"><\/div>\n        <\/div>\n    <\/div>\n<\/div>\n    \n<div class=\"kksr-legend\">\n            4.6\/5 - (5 votes)    <\/div>\n<\/div>\n","protected":false},"excerpt":{"rendered":"<p>Outre le bail d&#8217;habitation et le bail commercial, il existe aussi le bail professionnel. LegaLife vous en dit plus sur ce contrat de bail sp\u00e9cifique. Table des mati&egrave;res1 Qu\u2019est-ce qu\u2019un contrat de bail \u00e0 usage exclusivement professionnel ?2 Existe-t-il des conditions particuli\u00e8res pour louer un bail professionnel ?3 Quels \u00e9l\u00e9ments doivent obligatoirement figurer dans le [&hellip;]<\/p>\n","protected":false},"author":1,"featured_media":5115,"comment_status":"open","ping_status":"open","sticky":false,"template":"","format":"standard","meta":[],"categories":[58],"tags":[339,275,338,279,329,160,309,284],"yoast_head":"<!-- This site is optimized with the Yoast SEO plugin v19.1 - https:\/\/yoast.com\/wordpress\/plugins\/seo\/ -->\n<title>Le bail professionnel - LegaLife<\/title>\n<meta name=\"description\" content=\"Le contrat de bail professionnel concerne\u00a0les soci\u00e9t\u00e9s poursuivant une activit\u00e9 lib\u00e9rale, r\u00e9glement\u00e9e ou non.\" \/>\n<meta name=\"robots\" content=\"index, follow, max-snippet:-1, max-image-preview:large, max-video-preview:-1\" \/>\n<link rel=\"canonical\" href=\"https:\/\/www.legalife.fr\/guides-juridiques\/le-bail-professionnel\/\" \/>\n<meta property=\"og:locale\" content=\"fr_FR\" \/>\n<meta property=\"og:type\" content=\"article\" \/>\n<meta property=\"og:title\" content=\"Le bail professionnel - LegaLife\" \/>\n<meta property=\"og:description\" content=\"Le contrat de bail professionnel concerne\u00a0les soci\u00e9t\u00e9s poursuivant une activit\u00e9 lib\u00e9rale, r\u00e9glement\u00e9e ou non.\" \/>\n<meta property=\"og:url\" content=\"https:\/\/www.legalife.fr\/guides-juridiques\/le-bail-professionnel\/\" \/>\n<meta property=\"og:site_name\" content=\"LegaLife\" \/>\n<meta property=\"article:publisher\" content=\"https:\/\/www.facebook.com\/legalife.fr\" \/>\n<meta property=\"article:author\" content=\"https:\/\/www.facebook.com\/legalife.fr\" \/>\n<meta property=\"article:published_time\" content=\"2015-11-24T10:26:16+00:00\" \/>\n<meta property=\"article:modified_time\" content=\"2015-12-15T14:59:11+00:00\" \/>\n<meta property=\"og:image\" content=\"https:\/\/d1mxkq1wocxjoy.cloudfront.net\/guides-uploads\/2015\/11\/22230022\/bail-professionnel.jpg\" \/>\n\t<meta property=\"og:image:width\" content=\"1920\" \/>\n\t<meta property=\"og:image:height\" content=\"1440\" \/>\n\t<meta property=\"og:image:type\" content=\"image\/jpeg\" \/>\n<meta name=\"twitter:label1\" content=\"Written by\" \/>\n\t<meta name=\"twitter:data1\" content=\"LegaLife\" \/>\n\t<meta name=\"twitter:label2\" content=\"Est. reading time\" \/>\n\t<meta name=\"twitter:data2\" content=\"4 minutes\" \/>\n<script type=\"application\/ld+json\" class=\"yoast-schema-graph\">{\"@context\":\"https:\/\/schema.org\",\"@graph\":[{\"@type\":\"Organization\",\"@id\":\"https:\/\/www.legalife.fr\/guides-juridiques\/#organization\",\"name\":\"LegaLife\",\"url\":\"https:\/\/www.legalife.fr\/guides-juridiques\/\",\"sameAs\":[\"https:\/\/instagram.com\/lega_life\/\",\"https:\/\/www.linkedin.com\/company\/legalife\",\"https:\/\/www.pinterest.com\/Legalife_fr\/\",\"https:\/\/www.youtube.com\/channel\/UCB5gtPHHwPuKr7yHnd78f1g\",\"https:\/\/www.facebook.com\/legalife.fr\",\"https:\/\/twitter.com\/legalife\"],\"logo\":{\"@type\":\"ImageObject\",\"inLanguage\":\"fr-FR\",\"@id\":\"https:\/\/www.legalife.fr\/guides-juridiques\/#\/schema\/logo\/image\/\",\"url\":\"https:\/\/www.legalife.fr\/guides-juridiques\/wp-content\/uploads\/2016\/06\/versionslogo-01.png\",\"contentUrl\":\"https:\/\/www.legalife.fr\/guides-juridiques\/wp-content\/uploads\/2016\/06\/versionslogo-01.png\",\"width\":2292,\"height\":625,\"caption\":\"LegaLife\"},\"image\":{\"@id\":\"https:\/\/www.legalife.fr\/guides-juridiques\/#\/schema\/logo\/image\/\"}},{\"@type\":\"WebSite\",\"@id\":\"https:\/\/www.legalife.fr\/guides-juridiques\/#website\",\"url\":\"https:\/\/www.legalife.fr\/guides-juridiques\/\",\"name\":\"LegaLife\",\"description\":\"Toute l&#039;actualit\u00e9 juridique\",\"publisher\":{\"@id\":\"https:\/\/www.legalife.fr\/guides-juridiques\/#organization\"},\"potentialAction\":[{\"@type\":\"SearchAction\",\"target\":{\"@type\":\"EntryPoint\",\"urlTemplate\":\"https:\/\/www.legalife.fr\/guides-juridiques\/?s={search_term_string}\"},\"query-input\":\"required name=search_term_string\"}],\"inLanguage\":\"fr-FR\"},{\"@type\":\"ImageObject\",\"inLanguage\":\"fr-FR\",\"@id\":\"https:\/\/www.legalife.fr\/guides-juridiques\/le-bail-professionnel\/#primaryimage\",\"url\":\"https:\/\/d1mxkq1wocxjoy.cloudfront.net\/guides-uploads\/2015\/11\/22230022\/bail-professionnel.jpg\",\"contentUrl\":\"https:\/\/d1mxkq1wocxjoy.cloudfront.net\/guides-uploads\/2015\/11\/22230022\/bail-professionnel.jpg\",\"width\":1920,\"height\":1440,\"caption\":\"bail professionnel\"},{\"@type\":\"WebPage\",\"@id\":\"https:\/\/www.legalife.fr\/guides-juridiques\/le-bail-professionnel\/#webpage\",\"url\":\"https:\/\/www.legalife.fr\/guides-juridiques\/le-bail-professionnel\/\",\"name\":\"Le bail professionnel - LegaLife\",\"isPartOf\":{\"@id\":\"https:\/\/www.legalife.fr\/guides-juridiques\/#website\"},\"primaryImageOfPage\":{\"@id\":\"https:\/\/www.legalife.fr\/guides-juridiques\/le-bail-professionnel\/#primaryimage\"},\"datePublished\":\"2015-11-24T10:26:16+00:00\",\"dateModified\":\"2015-12-15T14:59:11+00:00\",\"description\":\"Le contrat de bail professionnel concerne\u00a0les soci\u00e9t\u00e9s poursuivant une activit\u00e9 lib\u00e9rale, r\u00e9glement\u00e9e ou non.\",\"breadcrumb\":{\"@id\":\"https:\/\/www.legalife.fr\/guides-juridiques\/le-bail-professionnel\/#breadcrumb\"},\"inLanguage\":\"fr-FR\",\"potentialAction\":[{\"@type\":\"ReadAction\",\"target\":[\"https:\/\/www.legalife.fr\/guides-juridiques\/le-bail-professionnel\/\"]}]},{\"@type\":\"BreadcrumbList\",\"@id\":\"https:\/\/www.legalife.fr\/guides-juridiques\/le-bail-professionnel\/#breadcrumb\",\"itemListElement\":[{\"@type\":\"ListItem\",\"position\":1,\"name\":\"Guides juridiques\",\"item\":\"https:\/\/www.legalife.fr\/guides-juridiques\/\"},{\"@type\":\"ListItem\",\"position\":2,\"name\":\"Immobilier\",\"item\":\"https:\/\/www.legalife.fr\/guides-juridiques\/immobilier\/\"},{\"@type\":\"ListItem\",\"position\":3,\"name\":\"Le bail professionnel\"}]},{\"@type\":\"Article\",\"@id\":\"https:\/\/www.legalife.fr\/guides-juridiques\/le-bail-professionnel\/#article\",\"isPartOf\":{\"@id\":\"https:\/\/www.legalife.fr\/guides-juridiques\/le-bail-professionnel\/#webpage\"},\"author\":{\"@id\":\"https:\/\/www.legalife.fr\/guides-juridiques\/#\/schema\/person\/48a14bcb904db9d47811591521a61112\"},\"headline\":\"Le bail professionnel\",\"datePublished\":\"2015-11-24T10:26:16+00:00\",\"dateModified\":\"2015-12-15T14:59:11+00:00\",\"mainEntityOfPage\":{\"@id\":\"https:\/\/www.legalife.fr\/guides-juridiques\/le-bail-professionnel\/#webpage\"},\"wordCount\":800,\"commentCount\":4,\"publisher\":{\"@id\":\"https:\/\/www.legalife.fr\/guides-juridiques\/#organization\"},\"image\":{\"@id\":\"https:\/\/www.legalife.fr\/guides-juridiques\/le-bail-professionnel\/#primaryimage\"},\"thumbnailUrl\":\"https:\/\/d1mxkq1wocxjoy.cloudfront.net\/guides-uploads\/2015\/11\/22230022\/bail-professionnel.jpg\",\"keywords\":[\"avocat en droit immobilier\",\"avocat en ligne\",\"bail professionnel\",\"consulter un avocat\",\"contrat de bail\",\"locataire\",\"notaire en ligne\",\"notaire immobilier\"],\"articleSection\":[\"Immobilier\"],\"inLanguage\":\"fr-FR\",\"potentialAction\":[{\"@type\":\"CommentAction\",\"name\":\"Comment\",\"target\":[\"https:\/\/www.legalife.fr\/guides-juridiques\/le-bail-professionnel\/#respond\"]}]},{\"@type\":\"Person\",\"@id\":\"https:\/\/www.legalife.fr\/guides-juridiques\/#\/schema\/person\/48a14bcb904db9d47811591521a61112\",\"name\":\"LegaLife\",\"image\":{\"@type\":\"ImageObject\",\"inLanguage\":\"fr-FR\",\"@id\":\"https:\/\/www.legalife.fr\/guides-juridiques\/#\/schema\/person\/image\/\",\"url\":\"https:\/\/secure.gravatar.com\/avatar\/0c59f9bc966559d7cf8640cbb8b89f68?s=96&d=mm&r=g\",\"contentUrl\":\"https:\/\/secure.gravatar.com\/avatar\/0c59f9bc966559d7cf8640cbb8b89f68?s=96&d=mm&r=g\",\"caption\":\"LegaLife\"},\"description\":\"LegaLife est un site proposant un accompagnement juridique simple et accessible aux TPE\/PME et aux particuliers. Cette solution permet \u00e0 nos membres de gagner du temps et d'\u00e9conomiser de l'argent face \u00e0 leurs probl\u00e9matiques juridiques.\",\"sameAs\":[\"http:\/\/www.legalife.fr\",\"https:\/\/www.facebook.com\/legalife.fr\",\"https:\/\/www.linkedin.com\/company\/legalife\",\"https:\/\/www.pinterest.com\/Legalife_fr\/\",\"https:\/\/twitter.com\/https:\/\/twitter.com\/legalife\"],\"url\":\"https:\/\/www.legalife.fr\/guides-juridiques\/author\/admin\/\"}]}<\/script>\n<!-- \/ Yoast SEO plugin. -->","yoast_head_json":{"title":"Le bail professionnel - LegaLife","description":"Le contrat de bail professionnel concerne\u00a0les soci\u00e9t\u00e9s poursuivant une activit\u00e9 lib\u00e9rale, r\u00e9glement\u00e9e ou non.","robots":{"index":"index","follow":"follow","max-snippet":"max-snippet:-1","max-image-preview":"max-image-preview:large","max-video-preview":"max-video-preview:-1"},"canonical":"https:\/\/www.legalife.fr\/guides-juridiques\/le-bail-professionnel\/","og_locale":"fr_FR","og_type":"article","og_title":"Le bail professionnel - LegaLife","og_description":"Le contrat de bail professionnel concerne\u00a0les soci\u00e9t\u00e9s poursuivant une activit\u00e9 lib\u00e9rale, r\u00e9glement\u00e9e ou non.","og_url":"https:\/\/www.legalife.fr\/guides-juridiques\/le-bail-professionnel\/","og_site_name":"LegaLife","article_publisher":"https:\/\/www.facebook.com\/legalife.fr","article_author":"https:\/\/www.facebook.com\/legalife.fr","article_published_time":"2015-11-24T10:26:16+00:00","article_modified_time":"2015-12-15T14:59:11+00:00","og_image":[{"width":1920,"height":1440,"url":"https:\/\/d1mxkq1wocxjoy.cloudfront.net\/guides-uploads\/2015\/11\/22230022\/bail-professionnel.jpg","type":"image\/jpeg"}],"twitter_misc":{"Written by":"LegaLife","Est. reading time":"4 minutes"},"schema":{"@context":"https:\/\/schema.org","@graph":[{"@type":"Organization","@id":"https:\/\/www.legalife.fr\/guides-juridiques\/#organization","name":"LegaLife","url":"https:\/\/www.legalife.fr\/guides-juridiques\/","sameAs":["https:\/\/instagram.com\/lega_life\/","https:\/\/www.linkedin.com\/company\/legalife","https:\/\/www.pinterest.com\/Legalife_fr\/","https:\/\/www.youtube.com\/channel\/UCB5gtPHHwPuKr7yHnd78f1g","https:\/\/www.facebook.com\/legalife.fr","https:\/\/twitter.com\/legalife"],"logo":{"@type":"ImageObject","inLanguage":"fr-FR","@id":"https:\/\/www.legalife.fr\/guides-juridiques\/#\/schema\/logo\/image\/","url":"https:\/\/www.legalife.fr\/guides-juridiques\/wp-content\/uploads\/2016\/06\/versionslogo-01.png","contentUrl":"https:\/\/www.legalife.fr\/guides-juridiques\/wp-content\/uploads\/2016\/06\/versionslogo-01.png","width":2292,"height":625,"caption":"LegaLife"},"image":{"@id":"https:\/\/www.legalife.fr\/guides-juridiques\/#\/schema\/logo\/image\/"}},{"@type":"WebSite","@id":"https:\/\/www.legalife.fr\/guides-juridiques\/#website","url":"https:\/\/www.legalife.fr\/guides-juridiques\/","name":"LegaLife","description":"Toute l&#039;actualit\u00e9 juridique","publisher":{"@id":"https:\/\/www.legalife.fr\/guides-juridiques\/#organization"},"potentialAction":[{"@type":"SearchAction","target":{"@type":"EntryPoint","urlTemplate":"https:\/\/www.legalife.fr\/guides-juridiques\/?s={search_term_string}"},"query-input":"required name=search_term_string"}],"inLanguage":"fr-FR"},{"@type":"ImageObject","inLanguage":"fr-FR","@id":"https:\/\/www.legalife.fr\/guides-juridiques\/le-bail-professionnel\/#primaryimage","url":"https:\/\/d1mxkq1wocxjoy.cloudfront.net\/guides-uploads\/2015\/11\/22230022\/bail-professionnel.jpg","contentUrl":"https:\/\/d1mxkq1wocxjoy.cloudfront.net\/guides-uploads\/2015\/11\/22230022\/bail-professionnel.jpg","width":1920,"height":1440,"caption":"bail professionnel"},{"@type":"WebPage","@id":"https:\/\/www.legalife.fr\/guides-juridiques\/le-bail-professionnel\/#webpage","url":"https:\/\/www.legalife.fr\/guides-juridiques\/le-bail-professionnel\/","name":"Le bail professionnel - LegaLife","isPartOf":{"@id":"https:\/\/www.legalife.fr\/guides-juridiques\/#website"},"primaryImageOfPage":{"@id":"https:\/\/www.legalife.fr\/guides-juridiques\/le-bail-professionnel\/#primaryimage"},"datePublished":"2015-11-24T10:26:16+00:00","dateModified":"2015-12-15T14:59:11+00:00","description":"Le contrat de bail professionnel concerne\u00a0les soci\u00e9t\u00e9s poursuivant une activit\u00e9 lib\u00e9rale, r\u00e9glement\u00e9e ou non.","breadcrumb":{"@id":"https:\/\/www.legalife.fr\/guides-juridiques\/le-bail-professionnel\/#breadcrumb"},"inLanguage":"fr-FR","potentialAction":[{"@type":"ReadAction","target":["https:\/\/www.legalife.fr\/guides-juridiques\/le-bail-professionnel\/"]}]},{"@type":"BreadcrumbList","@id":"https:\/\/www.legalife.fr\/guides-juridiques\/le-bail-professionnel\/#breadcrumb","itemListElement":[{"@type":"ListItem","position":1,"name":"Guides juridiques","item":"https:\/\/www.legalife.fr\/guides-juridiques\/"},{"@type":"ListItem","position":2,"name":"Immobilier","item":"https:\/\/www.legalife.fr\/guides-juridiques\/immobilier\/"},{"@type":"ListItem","position":3,"name":"Le bail professionnel"}]},{"@type":"Article","@id":"https:\/\/www.legalife.fr\/guides-juridiques\/le-bail-professionnel\/#article","isPartOf":{"@id":"https:\/\/www.legalife.fr\/guides-juridiques\/le-bail-professionnel\/#webpage"},"author":{"@id":"https:\/\/www.legalife.fr\/guides-juridiques\/#\/schema\/person\/48a14bcb904db9d47811591521a61112"},"headline":"Le bail professionnel","datePublished":"2015-11-24T10:26:16+00:00","dateModified":"2015-12-15T14:59:11+00:00","mainEntityOfPage":{"@id":"https:\/\/www.legalife.fr\/guides-juridiques\/le-bail-professionnel\/#webpage"},"wordCount":800,"commentCount":4,"publisher":{"@id":"https:\/\/www.legalife.fr\/guides-juridiques\/#organization"},"image":{"@id":"https:\/\/www.legalife.fr\/guides-juridiques\/le-bail-professionnel\/#primaryimage"},"thumbnailUrl":"https:\/\/d1mxkq1wocxjoy.cloudfront.net\/guides-uploads\/2015\/11\/22230022\/bail-professionnel.jpg","keywords":["avocat en droit immobilier","avocat en ligne","bail professionnel","consulter un avocat","contrat de bail","locataire","notaire en ligne","notaire immobilier"],"articleSection":["Immobilier"],"inLanguage":"fr-FR","potentialAction":[{"@type":"CommentAction","name":"Comment","target":["https:\/\/www.legalife.fr\/guides-juridiques\/le-bail-professionnel\/#respond"]}]},{"@type":"Person","@id":"https:\/\/www.legalife.fr\/guides-juridiques\/#\/schema\/person\/48a14bcb904db9d47811591521a61112","name":"LegaLife","image":{"@type":"ImageObject","inLanguage":"fr-FR","@id":"https:\/\/www.legalife.fr\/guides-juridiques\/#\/schema\/person\/image\/","url":"https:\/\/secure.gravatar.com\/avatar\/0c59f9bc966559d7cf8640cbb8b89f68?s=96&d=mm&r=g","contentUrl":"https:\/\/secure.gravatar.com\/avatar\/0c59f9bc966559d7cf8640cbb8b89f68?s=96&d=mm&r=g","caption":"LegaLife"},"description":"LegaLife est un site proposant un accompagnement juridique simple et accessible aux TPE\/PME et aux particuliers. Cette solution permet \u00e0 nos membres de gagner du temps et d'\u00e9conomiser de l'argent face \u00e0 leurs probl\u00e9matiques juridiques.","sameAs":["http:\/\/www.legalife.fr","https:\/\/www.facebook.com\/legalife.fr","https:\/\/www.linkedin.com\/company\/legalife","https:\/\/www.pinterest.com\/Legalife_fr\/","https:\/\/twitter.com\/https:\/\/twitter.com\/legalife"],"url":"https:\/\/www.legalife.fr\/guides-juridiques\/author\/admin\/"}]}},"_links":{"self":[{"href":"https:\/\/www.legalife.fr\/guides-juridiques\/wp-json\/wp\/v2\/posts\/4873"}],"collection":[{"href":"https:\/\/www.legalife.fr\/guides-juridiques\/wp-json\/wp\/v2\/posts"}],"about":[{"href":"https:\/\/www.legalife.fr\/guides-juridiques\/wp-json\/wp\/v2\/types\/post"}],"author":[{"embeddable":true,"href":"https:\/\/www.legalife.fr\/guides-juridiques\/wp-json\/wp\/v2\/users\/1"}],"replies":[{"embeddable":true,"href":"https:\/\/www.legalife.fr\/guides-juridiques\/wp-json\/wp\/v2\/comments?post=4873"}],"version-history":[{"count":6,"href":"https:\/\/www.legalife.fr\/guides-juridiques\/wp-json\/wp\/v2\/posts\/4873\/revisions"}],"predecessor-version":[{"id":6057,"href":"https:\/\/www.legalife.fr\/guides-juridiques\/wp-json\/wp\/v2\/posts\/4873\/revisions\/6057"}],"wp:featuredmedia":[{"embeddable":true,"href":"https:\/\/www.legalife.fr\/guides-juridiques\/wp-json\/wp\/v2\/media\/5115"}],"wp:attachment":[{"href":"https:\/\/www.legalife.fr\/guides-juridiques\/wp-json\/wp\/v2\/media?parent=4873"}],"wp:term":[{"taxonomy":"category","embeddable":true,"href":"https:\/\/www.legalife.fr\/guides-juridiques\/wp-json\/wp\/v2\/categories?post=4873"},{"taxonomy":"post_tag","embeddable":true,"href":"https:\/\/www.legalife.fr\/guides-juridiques\/wp-json\/wp\/v2\/tags?post=4873"}],"curies":[{"name":"wp","href":"https:\/\/api.w.org\/{rel}","templated":true}]}}