{"id":2255,"date":"2015-01-15T19:18:46","date_gmt":"2015-01-15T17:18:46","guid":{"rendered":"https:\/\/www.legalife.fr\/blog\/?p=2255"},"modified":"2015-06-02T12:37:50","modified_gmt":"2015-06-02T10:37:50","slug":"liberte-dexpression","status":"publish","type":"post","link":"https:\/\/www.legalife.fr\/guides-juridiques\/liberte-dexpression\/","title":{"rendered":"La libert\u00e9 guidera le peuple"},"content":{"rendered":"<p>Suite aux \u00e9v\u00e9nements tragiques du 7 et 9 janvier 2015, les fran\u00e7ais se sont insurg\u00e9s contre la barbarie. Le th\u00e8me des derni\u00e8res manifestations et marches r\u00e9publicaines \u00e9tait clair : non \u00e0 la barbarie, oui \u00e0 la libert\u00e9 d\u2019expression.<\/p>\n<p style=\"text-align: justify;\">A ce propos, on a pu lire dans les unes des journaux et dans les pancartes \u00e0 droite et \u00e0 gauche, des d\u00e9clarations exhortant les uns et les autres \u00e0 la d\u00e9fense de la libert\u00e9 d\u2019opinion. Emus par le sujet, nous souhaitons aborder juridiquement la libert\u00e9 d\u2019expression, qui nous est si ch\u00e8re.<\/p>\n<div id=\"toc_container\" class=\"no_bullets\"><p class=\"toc_title\">Table des mati&egrave;res<\/p><ul class=\"toc_list\"><li><a href=\"#Origine_moderne\"><span class=\"toc_number toc_depth_1\">1<\/span> Origine moderne<\/a><\/li><li><a href=\"#La_valeur_de_la_liberte_dexpression\"><span class=\"toc_number toc_depth_1\">2<\/span> La valeur de la libert\u00e9 d\u2019expression<\/a><\/li><li><a href=\"#Limitee\"><span class=\"toc_number toc_depth_1\">3<\/span> Limit\u00e9e<\/a><\/li><li><a href=\"#La_parodie_le_pastiche_et_la_caricature\"><span class=\"toc_number toc_depth_1\">4<\/span> La parodie, le pastiche et la caricature.<\/a><\/li><\/ul><\/div>\n<h2 style=\"text-align: justify;\"><span id=\"Origine_moderne\">Origine moderne<\/span><\/h2>\n<p>En droit interne, les principes r\u00e9publicains modernes auxquels nous sommes aujourd\u2019hui si attach\u00e9s sont issus de la r\u00e9volution fran\u00e7aise.<\/p>\n<p>On les retrouve grav\u00e9s \u00e0 jamais sur le\u00a0pilier juridique de la r\u00e9volution : la D\u00e9claration des Droits de l\u2019Homme et du Citoyen de 1789.<\/p>\n<p style=\"text-align: justify;\">Pour ce qui est de la libert\u00e9 d&#8217;expression, il s&#8217;agit des articles 10 et 11, qui disposent respectivement : \u201c<i>Nul ne doit \u00eatre inqui\u00e9t\u00e9 pour ses opinions, m\u00eame religieuses, pourvu que leur manifestation ne trouble pas l&#8217;ordre public \u00e9tabli par la Loi<\/i>\u201d, et \u201c<i>La libre communication des pens\u00e9es et des opinions est un des droits les plus pr\u00e9cieux de l&#8217;Homme : tout Citoyen peut donc parler, \u00e9crire, imprimer librement, sauf \u00e0 r\u00e9pondre de l&#8217;abus de cette libert\u00e9 dans les cas d\u00e9termin\u00e9s par la Loi<\/i>\u201d.<\/p>\n<h2 style=\"text-align: justify;\"><span id=\"La_valeur_de_la_liberte_dexpression\">La valeur de la libert\u00e9 d\u2019expression<\/span><\/h2>\n<p style=\"text-align: justify;\">Une question a troubl\u00e9 longtemps les juristes et les apologistes des libert\u00e9s : la D\u00e9claration des Droits de l\u2019Homme et du Citoyen a-t-elle une valeur contraignante ? Ou fait-elle partie des grandiloquences qui ne font qu\u2019\u00e9noncer un attachement moral \u00e0 certains principes ?<\/p>\n<p>Si cette question \u00e9tait probl\u00e9matique, de nos jours la r\u00e9ponse est claire : la D\u00e9claration des droits de l\u2019Homme et du Citoyen de 1789 a valeur constitutionnelle.<\/p>\n<p>Pour refaire le cheminement de cette cons\u00e9cration, au d\u00e9part, le pr\u00e9ambule de la constitution de 1946 y faisait mention.<\/p>\n<p style=\"text-align: justify;\">La constitution de la cinqui\u00e8me R\u00e9publique, reprenant la constitution pr\u00e9c\u00e9dente, d\u00e9clara dans son pr\u00e9ambule que \u201c<i>Le peuple fran\u00e7ais proclame solennellement son attachement aux Droits de l\u2019homme et aux principes de la souverainet\u00e9 nationale tels qu\u2019ils ont \u00e9t\u00e9 d\u00e9finis par la D\u00e9claration de 1789<\/i>\u201d.<\/p>\n<p style=\"text-align: justify;\">A partir de l\u00e0, l\u2019\u00e9volution s\u2019est faite rapidement : si des doutes \u00e9taient \u00e9voqu\u00e9s quant \u00e0 la valeur juridique d\u2019un pr\u00e9ambule, le Conseil constitutionnel a tranch\u00e9 le 16 juillet 1971, en consacrant la valeur constitutionnelle du pr\u00e9ambule de la constitution de 1958.<\/p>\n<p>Par la suite, le 27 d\u00e9cembre 1973, le conseil s\u2019est prononc\u00e9 directement sur la D\u00e9claration des Droits de l\u2019Homme et du Citoyen, en affirmant la valeur constitutionnelle de chaque principe.<\/p>\n<h2 style=\"text-align: justify;\"><span id=\"Limitee\">Limit\u00e9e<\/span><\/h2>\n<p style=\"text-align: justify;\">Si la libert\u00e9 d\u2019expression a bien \u00e9t\u00e9 consacr\u00e9e par le Conseil constitutionnel comme un des principes de la cinqui\u00e8me R\u00e9publique, il faut bien noter les termes de l\u2019article 11 de la DDHC : la libert\u00e9 d\u2019expression est totale, et chacun est libre de s\u2019exprimer \u201c<i>sauf \u00e0 r\u00e9pondre de l&#8217;abus de cette libert\u00e9 dans les cas d\u00e9termin\u00e9s par la Loi<\/i>\u201d.<\/p>\n<p style=\"text-align: justify;\">La loi peut donc restreindre la libert\u00e9 d\u2019expression, et c\u2019est notamment le cas avec la loi du 29 juillet 1881 sur la libert\u00e9 de la presse. La diffamation est d\u00e9finie \u00e0 l&#8217;article 29 comme correspondant \u00e0 toute imputation \u00e0 une personne d\u2019un fait portant atteinte \u00e0 son honneur ou \u00e0 la consid\u00e9ration.<\/p>\n<p style=\"text-align: justify;\">Cette diffamation est punie de peines tr\u00e8s variables, selon sa cible. A titre d\u2019exemple, une diffamation commise envers un particulier est punie de 12 000 euros d\u2019amende, lorsqu\u2019elle est commise par \u201c<i>des discours, cris ou menaces prof\u00e9r\u00e9s dans des lieux ou r\u00e9unions publics, par des \u00e9crits, imprim\u00e9s, dessins, gravures, peintures, embl\u00e8mes, images ou tout autre support de l&#8217;\u00e9crit, de la parole ou de l&#8217;image vendus ou distribu\u00e9s, mis en vente ou expos\u00e9s dans des lieux ou r\u00e9unions publics, par des placards ou des affiches expos\u00e9s au regard du public, ou par tout moyen de communication au public par voie \u00e9lectronique<\/i>\u201d.<\/p>\n<p style=\"text-align: justify;\">Si la diffamation par les moyens pr\u00e9cit\u00e9s visait une personne ou un groupe de personnes en raison de leur origine, appartenance ou non-appartenance \u00e0 une ethnie, une nation, une race ou une religion, elle serait punie d\u2019un an d\u2019emprisonnement et 45 000 euros d\u2019amende. La m\u00eame peine est pr\u00e9vue lorsque la diffamation vise des personnes ou des groupes de personnes en raison de leur sexe, orientation ou identit\u00e9 sexuelle, ou handicap.<\/p>\n<p style=\"text-align: justify;\">En outre, les articles 23 et 24 imposent des peines \u00e0 ceux qui, par les formes pr\u00e9cit\u00e9es, incitent la commission d\u2019actes qualifi\u00e9s de d\u00e9lits ou de crimes. La seule variable repose sur le fait que l&#8217;acte ait \u00e9t\u00e9 commis par la suite : si les actes sont effectivement commis, l\u2019auteur des discours est jug\u00e9 en tant que complice des accus\u00e9s agresseurs. Si les actes ne sont pas entrepris, l\u2019auteur des discours peut \u00eatre puni de cinq ans d\u2019emprisonnement et 45 000 euros d\u2019amende.<\/p>\n<h2 style=\"text-align: justify;\"><span id=\"La_parodie_le_pastiche_et_la_caricature\">La parodie, le pastiche et la caricature.<\/span><\/h2>\n<p>Se pose alors une derni\u00e8re question : est-ce que les caricatures, pastiches et parodies sont interdites, lorsqu\u2019elles offensent quelqu\u2019un ?<\/p>\n<p>En principe, non, dans la mesure o\u00f9 le Code de la propri\u00e9t\u00e9 intellectuelle, dans son article L.122-5, autorise \u201c<i>la parodie, le pastiche et la caricature, compte tenu des lois du genre<\/i>\u201d.<\/p>\n<p style=\"text-align: justify;\">Cependant, si, selon l&#8217;appr\u00e9ciation du pr\u00e9fet du lieu, la caricature, pastiche ou parodie est en mesure de provoquer des troubles \u00e0 l\u2019ordre public, le pr\u00e9fet peut limiter la libert\u00e9 d\u2019expression temporairement. Sa d\u00e9cision peut cependant faire l&#8217;objet d&#8217;un recours devant la juridiction administrative.<\/p>\n<p>En outre, d\u00e8s qu\u2019une publication vise directement une personne ou un groupe de personnes, et constitue une diffamation, des poursuites peuvent \u00eatre engag\u00e9es.<\/p>\n\n<div class=\"kk-star-ratings\n     kksr-valign-bottom     kksr-align-left    \"\n    data-payload=\"{&quot;align&quot;:&quot;left&quot;,&quot;id&quot;:&quot;2255&quot;,&quot;slug&quot;:&quot;default&quot;,&quot;valign&quot;:&quot;bottom&quot;,&quot;reference&quot;:&quot;auto&quot;,&quot;count&quot;:&quot;2&quot;,&quot;readonly&quot;:&quot;&quot;,&quot;score&quot;:&quot;4.5&quot;,&quot;best&quot;:&quot;5&quot;,&quot;gap&quot;:&quot;5&quot;,&quot;greet&quot;:&quot;Rate this post&quot;,&quot;legend&quot;:&quot;4.5\\\/5 - (2 votes)&quot;,&quot;size&quot;:&quot;24&quot;,&quot;width&quot;:&quot;128&quot;,&quot;_legend&quot;:&quot;{score}\\\/{best} - ({count} {votes})&quot;}\">\n    \n<div class=\"kksr-stars\">\n    \n<div class=\"kksr-stars-inactive\">\n            <div class=\"kksr-star\" data-star=\"1\" style=\"padding-right: 5px\">\n            \n\n<div class=\"kksr-icon\" style=\"width: 24px; height: 24px;\"><\/div>\n        <\/div>\n            <div class=\"kksr-star\" data-star=\"2\" style=\"padding-right: 5px\">\n            \n\n<div class=\"kksr-icon\" style=\"width: 24px; height: 24px;\"><\/div>\n        <\/div>\n            <div class=\"kksr-star\" data-star=\"3\" style=\"padding-right: 5px\">\n            \n\n<div class=\"kksr-icon\" style=\"width: 24px; height: 24px;\"><\/div>\n        <\/div>\n            <div class=\"kksr-star\" data-star=\"4\" style=\"padding-right: 5px\">\n            \n\n<div class=\"kksr-icon\" style=\"width: 24px; height: 24px;\"><\/div>\n        <\/div>\n            <div class=\"kksr-star\" data-star=\"5\" style=\"padding-right: 5px\">\n            \n\n<div class=\"kksr-icon\" style=\"width: 24px; height: 24px;\"><\/div>\n        <\/div>\n    <\/div>\n    \n<div class=\"kksr-stars-active\" style=\"width: 128px;\">\n            <div class=\"kksr-star\" style=\"padding-right: 5px\">\n            \n\n<div class=\"kksr-icon\" style=\"width: 24px; height: 24px;\"><\/div>\n        <\/div>\n            <div class=\"kksr-star\" style=\"padding-right: 5px\">\n            \n\n<div class=\"kksr-icon\" style=\"width: 24px; height: 24px;\"><\/div>\n        <\/div>\n            <div class=\"kksr-star\" style=\"padding-right: 5px\">\n            \n\n<div class=\"kksr-icon\" style=\"width: 24px; height: 24px;\"><\/div>\n        <\/div>\n            <div class=\"kksr-star\" style=\"padding-right: 5px\">\n            \n\n<div class=\"kksr-icon\" style=\"width: 24px; height: 24px;\"><\/div>\n        <\/div>\n            <div class=\"kksr-star\" style=\"padding-right: 5px\">\n            \n\n<div class=\"kksr-icon\" style=\"width: 24px; height: 24px;\"><\/div>\n        <\/div>\n    <\/div>\n<\/div>\n    \n<div class=\"kksr-legend\">\n            4.5\/5 - (2 votes)    <\/div>\n<\/div>\n","protected":false},"excerpt":{"rendered":"<p>Suite aux \u00e9v\u00e9nements tragiques du 7 et 9 janvier 2015, les fran\u00e7ais se sont insurg\u00e9s contre la barbarie. Le th\u00e8me des derni\u00e8res manifestations et marches r\u00e9publicaines \u00e9tait clair : non \u00e0 la barbarie, oui \u00e0 la libert\u00e9 d\u2019expression. A ce propos, on a pu lire dans les unes des journaux et dans les pancartes \u00e0 [&hellip;]<\/p>\n","protected":false},"author":3,"featured_media":2258,"comment_status":"open","ping_status":"open","sticky":false,"template":"","format":"standard","meta":[],"categories":[113],"tags":[193,191,192],"yoast_head":"<!-- This site is optimized with the Yoast SEO plugin v19.1 - https:\/\/yoast.com\/wordpress\/plugins\/seo\/ -->\n<title>La libert\u00e9 guidera le peuple - LegaLife<\/title>\n<meta name=\"description\" content=\"Apr\u00e8s les \u00e9v\u00e9nements bouleversants du 7 et 9 janvier 2015, nous avons d\u00e9cid\u00e9 d&#039;exposer d&#039;une fa\u00e7on pr\u00e9cise ce qu&#039;est la libert\u00e9 d&#039;expression en France.\" \/>\n<meta name=\"robots\" content=\"index, follow, max-snippet:-1, max-image-preview:large, max-video-preview:-1\" \/>\n<link rel=\"canonical\" href=\"https:\/\/www.legalife.fr\/guides-juridiques\/liberte-dexpression\/\" \/>\n<meta property=\"og:locale\" content=\"fr_FR\" \/>\n<meta property=\"og:type\" content=\"article\" \/>\n<meta property=\"og:title\" content=\"La libert\u00e9 guidera le peuple - LegaLife\" \/>\n<meta property=\"og:description\" content=\"Apr\u00e8s les \u00e9v\u00e9nements bouleversants du 7 et 9 janvier 2015, nous avons d\u00e9cid\u00e9 d&#039;exposer d&#039;une fa\u00e7on pr\u00e9cise ce qu&#039;est la libert\u00e9 d&#039;expression en France.\" \/>\n<meta property=\"og:url\" content=\"https:\/\/www.legalife.fr\/guides-juridiques\/liberte-dexpression\/\" \/>\n<meta property=\"og:site_name\" content=\"LegaLife\" \/>\n<meta property=\"article:publisher\" content=\"https:\/\/www.facebook.com\/legalife.fr\" \/>\n<meta property=\"article:published_time\" content=\"2015-01-15T17:18:46+00:00\" \/>\n<meta property=\"article:modified_time\" content=\"2015-06-02T10:37:50+00:00\" \/>\n<meta property=\"og:image\" content=\"https:\/\/d1mxkq1wocxjoy.cloudfront.net\/guides-uploads\/2015\/01\/22230409\/la_liberte_guidant_le_peuple.jpg\" \/>\n\t<meta property=\"og:image:width\" content=\"1280\" \/>\n\t<meta property=\"og:image:height\" content=\"1013\" \/>\n\t<meta property=\"og:image:type\" content=\"image\/jpeg\" \/>\n<meta name=\"twitter:label1\" content=\"Written by\" \/>\n\t<meta name=\"twitter:data1\" content=\"Thomas Rivoire\" \/>\n\t<meta name=\"twitter:label2\" content=\"Est. reading time\" \/>\n\t<meta name=\"twitter:data2\" content=\"5 minutes\" \/>\n<script type=\"application\/ld+json\" class=\"yoast-schema-graph\">{\"@context\":\"https:\/\/schema.org\",\"@graph\":[{\"@type\":\"Organization\",\"@id\":\"https:\/\/www.legalife.fr\/guides-juridiques\/#organization\",\"name\":\"LegaLife\",\"url\":\"https:\/\/www.legalife.fr\/guides-juridiques\/\",\"sameAs\":[\"https:\/\/instagram.com\/lega_life\/\",\"https:\/\/www.linkedin.com\/company\/legalife\",\"https:\/\/www.pinterest.com\/Legalife_fr\/\",\"https:\/\/www.youtube.com\/channel\/UCB5gtPHHwPuKr7yHnd78f1g\",\"https:\/\/www.facebook.com\/legalife.fr\",\"https:\/\/twitter.com\/legalife\"],\"logo\":{\"@type\":\"ImageObject\",\"inLanguage\":\"fr-FR\",\"@id\":\"https:\/\/www.legalife.fr\/guides-juridiques\/#\/schema\/logo\/image\/\",\"url\":\"https:\/\/www.legalife.fr\/guides-juridiques\/wp-content\/uploads\/2016\/06\/versionslogo-01.png\",\"contentUrl\":\"https:\/\/www.legalife.fr\/guides-juridiques\/wp-content\/uploads\/2016\/06\/versionslogo-01.png\",\"width\":2292,\"height\":625,\"caption\":\"LegaLife\"},\"image\":{\"@id\":\"https:\/\/www.legalife.fr\/guides-juridiques\/#\/schema\/logo\/image\/\"}},{\"@type\":\"WebSite\",\"@id\":\"https:\/\/www.legalife.fr\/guides-juridiques\/#website\",\"url\":\"https:\/\/www.legalife.fr\/guides-juridiques\/\",\"name\":\"LegaLife\",\"description\":\"Toute l&#039;actualit\u00e9 juridique\",\"publisher\":{\"@id\":\"https:\/\/www.legalife.fr\/guides-juridiques\/#organization\"},\"potentialAction\":[{\"@type\":\"SearchAction\",\"target\":{\"@type\":\"EntryPoint\",\"urlTemplate\":\"https:\/\/www.legalife.fr\/guides-juridiques\/?s={search_term_string}\"},\"query-input\":\"required name=search_term_string\"}],\"inLanguage\":\"fr-FR\"},{\"@type\":\"ImageObject\",\"inLanguage\":\"fr-FR\",\"@id\":\"https:\/\/www.legalife.fr\/guides-juridiques\/liberte-dexpression\/#primaryimage\",\"url\":\"https:\/\/d1mxkq1wocxjoy.cloudfront.net\/guides-uploads\/2015\/01\/22230409\/la_liberte_guidant_le_peuple.jpg\",\"contentUrl\":\"https:\/\/d1mxkq1wocxjoy.cloudfront.net\/guides-uploads\/2015\/01\/22230409\/la_liberte_guidant_le_peuple.jpg\",\"width\":1280,\"height\":1013,\"caption\":\"La libert\u00e9 d'expression guidera le peuple\"},{\"@type\":\"WebPage\",\"@id\":\"https:\/\/www.legalife.fr\/guides-juridiques\/liberte-dexpression\/#webpage\",\"url\":\"https:\/\/www.legalife.fr\/guides-juridiques\/liberte-dexpression\/\",\"name\":\"La libert\u00e9 guidera le peuple - LegaLife\",\"isPartOf\":{\"@id\":\"https:\/\/www.legalife.fr\/guides-juridiques\/#website\"},\"primaryImageOfPage\":{\"@id\":\"https:\/\/www.legalife.fr\/guides-juridiques\/liberte-dexpression\/#primaryimage\"},\"datePublished\":\"2015-01-15T17:18:46+00:00\",\"dateModified\":\"2015-06-02T10:37:50+00:00\",\"description\":\"Apr\u00e8s les \u00e9v\u00e9nements bouleversants du 7 et 9 janvier 2015, nous avons d\u00e9cid\u00e9 d'exposer d'une fa\u00e7on pr\u00e9cise ce qu'est la libert\u00e9 d'expression en France.\",\"breadcrumb\":{\"@id\":\"https:\/\/www.legalife.fr\/guides-juridiques\/liberte-dexpression\/#breadcrumb\"},\"inLanguage\":\"fr-FR\",\"potentialAction\":[{\"@type\":\"ReadAction\",\"target\":[\"https:\/\/www.legalife.fr\/guides-juridiques\/liberte-dexpression\/\"]}]},{\"@type\":\"BreadcrumbList\",\"@id\":\"https:\/\/www.legalife.fr\/guides-juridiques\/liberte-dexpression\/#breadcrumb\",\"itemListElement\":[{\"@type\":\"ListItem\",\"position\":1,\"name\":\"Guides juridiques\",\"item\":\"https:\/\/www.legalife.fr\/guides-juridiques\/\"},{\"@type\":\"ListItem\",\"position\":2,\"name\":\"@LegalHub\",\"item\":\"https:\/\/www.legalife.fr\/guides-juridiques\/legalhub\/\"},{\"@type\":\"ListItem\",\"position\":3,\"name\":\"La libert\u00e9 guidera le peuple\"}]},{\"@type\":\"Article\",\"@id\":\"https:\/\/www.legalife.fr\/guides-juridiques\/liberte-dexpression\/#article\",\"isPartOf\":{\"@id\":\"https:\/\/www.legalife.fr\/guides-juridiques\/liberte-dexpression\/#webpage\"},\"author\":{\"@id\":\"https:\/\/www.legalife.fr\/guides-juridiques\/#\/schema\/person\/a8d0c9e67c195e2bb19533e49a8b0c3d\"},\"headline\":\"La libert\u00e9 guidera le peuple\",\"datePublished\":\"2015-01-15T17:18:46+00:00\",\"dateModified\":\"2015-06-02T10:37:50+00:00\",\"mainEntityOfPage\":{\"@id\":\"https:\/\/www.legalife.fr\/guides-juridiques\/liberte-dexpression\/#webpage\"},\"wordCount\":990,\"commentCount\":0,\"publisher\":{\"@id\":\"https:\/\/www.legalife.fr\/guides-juridiques\/#organization\"},\"image\":{\"@id\":\"https:\/\/www.legalife.fr\/guides-juridiques\/liberte-dexpression\/#primaryimage\"},\"thumbnailUrl\":\"https:\/\/d1mxkq1wocxjoy.cloudfront.net\/guides-uploads\/2015\/01\/22230409\/la_liberte_guidant_le_peuple.jpg\",\"keywords\":[\"Constitution\",\"Libert\u00e9 d'expression\",\"Loi 1881\"],\"articleSection\":[\"@LegalHub\"],\"inLanguage\":\"fr-FR\",\"potentialAction\":[{\"@type\":\"CommentAction\",\"name\":\"Comment\",\"target\":[\"https:\/\/www.legalife.fr\/guides-juridiques\/liberte-dexpression\/#respond\"]}]},{\"@type\":\"Person\",\"@id\":\"https:\/\/www.legalife.fr\/guides-juridiques\/#\/schema\/person\/a8d0c9e67c195e2bb19533e49a8b0c3d\",\"name\":\"Thomas Rivoire\",\"image\":{\"@type\":\"ImageObject\",\"inLanguage\":\"fr-FR\",\"@id\":\"https:\/\/www.legalife.fr\/guides-juridiques\/#\/schema\/person\/image\/\",\"url\":\"https:\/\/secure.gravatar.com\/avatar\/1ba73b56954b9b86c6fd31776e8ad00a?s=96&d=mm&r=g\",\"contentUrl\":\"https:\/\/secure.gravatar.com\/avatar\/1ba73b56954b9b86c6fd31776e8ad00a?s=96&d=mm&r=g\",\"caption\":\"Thomas Rivoire\"},\"description\":\"Dipl\u00f4m\u00e9 d'HEC Paris et titulaire du dipl\u00f4me sup\u00e9rieur du notariat, j'ai plus de cinq ann\u00e9es d'exp\u00e9rience au sein d'une \u00e9tude de notaires. En tant que co-fondateur de LegaLife, je suis en charge du contenu juridique et du d\u00e9veloppement de l'offre de services que nous proposons \u00e0 nos clients.\",\"sameAs\":[\"https:\/\/fr.linkedin.com\/in\/rivoirethomas\"],\"url\":\"https:\/\/www.legalife.fr\/guides-juridiques\/author\/thomas\/\"}]}<\/script>\n<!-- \/ Yoast SEO plugin. -->","yoast_head_json":{"title":"La libert\u00e9 guidera le peuple - LegaLife","description":"Apr\u00e8s les \u00e9v\u00e9nements bouleversants du 7 et 9 janvier 2015, nous avons d\u00e9cid\u00e9 d'exposer d'une fa\u00e7on pr\u00e9cise ce qu'est la libert\u00e9 d'expression en France.","robots":{"index":"index","follow":"follow","max-snippet":"max-snippet:-1","max-image-preview":"max-image-preview:large","max-video-preview":"max-video-preview:-1"},"canonical":"https:\/\/www.legalife.fr\/guides-juridiques\/liberte-dexpression\/","og_locale":"fr_FR","og_type":"article","og_title":"La libert\u00e9 guidera le peuple - LegaLife","og_description":"Apr\u00e8s les \u00e9v\u00e9nements bouleversants du 7 et 9 janvier 2015, nous avons d\u00e9cid\u00e9 d'exposer d'une fa\u00e7on pr\u00e9cise ce qu'est la libert\u00e9 d'expression en France.","og_url":"https:\/\/www.legalife.fr\/guides-juridiques\/liberte-dexpression\/","og_site_name":"LegaLife","article_publisher":"https:\/\/www.facebook.com\/legalife.fr","article_published_time":"2015-01-15T17:18:46+00:00","article_modified_time":"2015-06-02T10:37:50+00:00","og_image":[{"width":1280,"height":1013,"url":"https:\/\/d1mxkq1wocxjoy.cloudfront.net\/guides-uploads\/2015\/01\/22230409\/la_liberte_guidant_le_peuple.jpg","type":"image\/jpeg"}],"twitter_misc":{"Written by":"Thomas Rivoire","Est. reading time":"5 minutes"},"schema":{"@context":"https:\/\/schema.org","@graph":[{"@type":"Organization","@id":"https:\/\/www.legalife.fr\/guides-juridiques\/#organization","name":"LegaLife","url":"https:\/\/www.legalife.fr\/guides-juridiques\/","sameAs":["https:\/\/instagram.com\/lega_life\/","https:\/\/www.linkedin.com\/company\/legalife","https:\/\/www.pinterest.com\/Legalife_fr\/","https:\/\/www.youtube.com\/channel\/UCB5gtPHHwPuKr7yHnd78f1g","https:\/\/www.facebook.com\/legalife.fr","https:\/\/twitter.com\/legalife"],"logo":{"@type":"ImageObject","inLanguage":"fr-FR","@id":"https:\/\/www.legalife.fr\/guides-juridiques\/#\/schema\/logo\/image\/","url":"https:\/\/www.legalife.fr\/guides-juridiques\/wp-content\/uploads\/2016\/06\/versionslogo-01.png","contentUrl":"https:\/\/www.legalife.fr\/guides-juridiques\/wp-content\/uploads\/2016\/06\/versionslogo-01.png","width":2292,"height":625,"caption":"LegaLife"},"image":{"@id":"https:\/\/www.legalife.fr\/guides-juridiques\/#\/schema\/logo\/image\/"}},{"@type":"WebSite","@id":"https:\/\/www.legalife.fr\/guides-juridiques\/#website","url":"https:\/\/www.legalife.fr\/guides-juridiques\/","name":"LegaLife","description":"Toute l&#039;actualit\u00e9 juridique","publisher":{"@id":"https:\/\/www.legalife.fr\/guides-juridiques\/#organization"},"potentialAction":[{"@type":"SearchAction","target":{"@type":"EntryPoint","urlTemplate":"https:\/\/www.legalife.fr\/guides-juridiques\/?s={search_term_string}"},"query-input":"required name=search_term_string"}],"inLanguage":"fr-FR"},{"@type":"ImageObject","inLanguage":"fr-FR","@id":"https:\/\/www.legalife.fr\/guides-juridiques\/liberte-dexpression\/#primaryimage","url":"https:\/\/d1mxkq1wocxjoy.cloudfront.net\/guides-uploads\/2015\/01\/22230409\/la_liberte_guidant_le_peuple.jpg","contentUrl":"https:\/\/d1mxkq1wocxjoy.cloudfront.net\/guides-uploads\/2015\/01\/22230409\/la_liberte_guidant_le_peuple.jpg","width":1280,"height":1013,"caption":"La libert\u00e9 d'expression guidera le peuple"},{"@type":"WebPage","@id":"https:\/\/www.legalife.fr\/guides-juridiques\/liberte-dexpression\/#webpage","url":"https:\/\/www.legalife.fr\/guides-juridiques\/liberte-dexpression\/","name":"La libert\u00e9 guidera le peuple - LegaLife","isPartOf":{"@id":"https:\/\/www.legalife.fr\/guides-juridiques\/#website"},"primaryImageOfPage":{"@id":"https:\/\/www.legalife.fr\/guides-juridiques\/liberte-dexpression\/#primaryimage"},"datePublished":"2015-01-15T17:18:46+00:00","dateModified":"2015-06-02T10:37:50+00:00","description":"Apr\u00e8s les \u00e9v\u00e9nements bouleversants du 7 et 9 janvier 2015, nous avons d\u00e9cid\u00e9 d'exposer d'une fa\u00e7on pr\u00e9cise ce qu'est la libert\u00e9 d'expression en France.","breadcrumb":{"@id":"https:\/\/www.legalife.fr\/guides-juridiques\/liberte-dexpression\/#breadcrumb"},"inLanguage":"fr-FR","potentialAction":[{"@type":"ReadAction","target":["https:\/\/www.legalife.fr\/guides-juridiques\/liberte-dexpression\/"]}]},{"@type":"BreadcrumbList","@id":"https:\/\/www.legalife.fr\/guides-juridiques\/liberte-dexpression\/#breadcrumb","itemListElement":[{"@type":"ListItem","position":1,"name":"Guides juridiques","item":"https:\/\/www.legalife.fr\/guides-juridiques\/"},{"@type":"ListItem","position":2,"name":"@LegalHub","item":"https:\/\/www.legalife.fr\/guides-juridiques\/legalhub\/"},{"@type":"ListItem","position":3,"name":"La libert\u00e9 guidera le peuple"}]},{"@type":"Article","@id":"https:\/\/www.legalife.fr\/guides-juridiques\/liberte-dexpression\/#article","isPartOf":{"@id":"https:\/\/www.legalife.fr\/guides-juridiques\/liberte-dexpression\/#webpage"},"author":{"@id":"https:\/\/www.legalife.fr\/guides-juridiques\/#\/schema\/person\/a8d0c9e67c195e2bb19533e49a8b0c3d"},"headline":"La libert\u00e9 guidera le peuple","datePublished":"2015-01-15T17:18:46+00:00","dateModified":"2015-06-02T10:37:50+00:00","mainEntityOfPage":{"@id":"https:\/\/www.legalife.fr\/guides-juridiques\/liberte-dexpression\/#webpage"},"wordCount":990,"commentCount":0,"publisher":{"@id":"https:\/\/www.legalife.fr\/guides-juridiques\/#organization"},"image":{"@id":"https:\/\/www.legalife.fr\/guides-juridiques\/liberte-dexpression\/#primaryimage"},"thumbnailUrl":"https:\/\/d1mxkq1wocxjoy.cloudfront.net\/guides-uploads\/2015\/01\/22230409\/la_liberte_guidant_le_peuple.jpg","keywords":["Constitution","Libert\u00e9 d'expression","Loi 1881"],"articleSection":["@LegalHub"],"inLanguage":"fr-FR","potentialAction":[{"@type":"CommentAction","name":"Comment","target":["https:\/\/www.legalife.fr\/guides-juridiques\/liberte-dexpression\/#respond"]}]},{"@type":"Person","@id":"https:\/\/www.legalife.fr\/guides-juridiques\/#\/schema\/person\/a8d0c9e67c195e2bb19533e49a8b0c3d","name":"Thomas Rivoire","image":{"@type":"ImageObject","inLanguage":"fr-FR","@id":"https:\/\/www.legalife.fr\/guides-juridiques\/#\/schema\/person\/image\/","url":"https:\/\/secure.gravatar.com\/avatar\/1ba73b56954b9b86c6fd31776e8ad00a?s=96&d=mm&r=g","contentUrl":"https:\/\/secure.gravatar.com\/avatar\/1ba73b56954b9b86c6fd31776e8ad00a?s=96&d=mm&r=g","caption":"Thomas Rivoire"},"description":"Dipl\u00f4m\u00e9 d'HEC Paris et titulaire du dipl\u00f4me sup\u00e9rieur du notariat, j'ai plus de cinq ann\u00e9es d'exp\u00e9rience au sein d'une \u00e9tude de notaires. En tant que co-fondateur de LegaLife, je suis en charge du contenu juridique et du d\u00e9veloppement de l'offre de services que nous proposons \u00e0 nos clients.","sameAs":["https:\/\/fr.linkedin.com\/in\/rivoirethomas"],"url":"https:\/\/www.legalife.fr\/guides-juridiques\/author\/thomas\/"}]}},"_links":{"self":[{"href":"https:\/\/www.legalife.fr\/guides-juridiques\/wp-json\/wp\/v2\/posts\/2255"}],"collection":[{"href":"https:\/\/www.legalife.fr\/guides-juridiques\/wp-json\/wp\/v2\/posts"}],"about":[{"href":"https:\/\/www.legalife.fr\/guides-juridiques\/wp-json\/wp\/v2\/types\/post"}],"author":[{"embeddable":true,"href":"https:\/\/www.legalife.fr\/guides-juridiques\/wp-json\/wp\/v2\/users\/3"}],"replies":[{"embeddable":true,"href":"https:\/\/www.legalife.fr\/guides-juridiques\/wp-json\/wp\/v2\/comments?post=2255"}],"version-history":[{"count":17,"href":"https:\/\/www.legalife.fr\/guides-juridiques\/wp-json\/wp\/v2\/posts\/2255\/revisions"}],"predecessor-version":[{"id":2626,"href":"https:\/\/www.legalife.fr\/guides-juridiques\/wp-json\/wp\/v2\/posts\/2255\/revisions\/2626"}],"wp:featuredmedia":[{"embeddable":true,"href":"https:\/\/www.legalife.fr\/guides-juridiques\/wp-json\/wp\/v2\/media\/2258"}],"wp:attachment":[{"href":"https:\/\/www.legalife.fr\/guides-juridiques\/wp-json\/wp\/v2\/media?parent=2255"}],"wp:term":[{"taxonomy":"category","embeddable":true,"href":"https:\/\/www.legalife.fr\/guides-juridiques\/wp-json\/wp\/v2\/categories?post=2255"},{"taxonomy":"post_tag","embeddable":true,"href":"https:\/\/www.legalife.fr\/guides-juridiques\/wp-json\/wp\/v2\/tags?post=2255"}],"curies":[{"name":"wp","href":"https:\/\/api.w.org\/{rel}","templated":true}]}}