{"id":2082,"date":"2014-12-22T14:52:32","date_gmt":"2014-12-22T12:52:32","guid":{"rendered":"https:\/\/www.legalife.fr\/blog\/?p=2082"},"modified":"2015-11-24T10:28:20","modified_gmt":"2015-11-24T08:28:20","slug":"installer-une-creche-dans-un-espace-public","status":"publish","type":"post","link":"https:\/\/www.legalife.fr\/guides-juridiques\/installer-une-creche-dans-un-espace-public\/","title":{"rendered":"Peut-on installer une cr\u00e8che dans un espace public ?"},"content":{"rendered":"<p style=\"text-align: justify;\">Depuis le d\u00e9but du mois de d\u00e9cembre, une controverse s\u2019est install\u00e9e en France \u00e0 propos d\u2019une ancienne tradition : la cr\u00e8che de No\u00ebl. En effet, le 14 novembre 2014, le tribunal administratif de Nantes a d\u00e9cid\u00e9 d\u2019annuler la d\u00e9cision implicite de refus du pr\u00e9sident du conseil g\u00e9n\u00e9ral de la Vend\u00e9e d\u2019interdire la mise en place d\u2019une cr\u00e8che \u00e0 l\u2019h\u00f4tel du d\u00e9partement. Le 19 d\u00e9cembre, le tribunal administratif de Montpellier, a d\u00fb statuer sur la l\u00e9galit\u00e9 de l\u2019installation d\u2019une cr\u00e8che dans le hall de l\u2019h\u00f4tel de ville de B\u00e9ziers. Ensuite, une cr\u00e8che \u00e0 l\u2019h\u00f4pital central de Nancy a disparu. La cr\u00e8che de No\u00ebl est au c\u0153ur d&#8217;une v\u00e9ritable probl\u00e9matique juridique. Que dit le droit en la mati\u00e8re ? Le point.<\/p>\n<div id=\"toc_container\" class=\"no_bullets\"><p class=\"toc_title\">Table des mati&egrave;res<\/p><ul class=\"toc_list\"><li><a href=\"#Quelle_est_la_position_des_tribunaux_par_rapport_a_l8217installation_de_creches_dans_l8217espace_public\"><span class=\"toc_number toc_depth_1\">1<\/span> Quelle est la position des tribunaux par rapport \u00e0 l&#8217;installation de cr\u00e8ches dans l&#8217;espace public ?<\/a><\/li><li><a href=\"#Que_dit_la_loi_en_ce_qui_concerne_l8217installation_de_creches_dans_l8217espace_public\"><span class=\"toc_number toc_depth_1\">2<\/span> Que dit la loi en ce qui concerne l&#8217;installation de cr\u00e8ches dans l&#8217;espace public ?<\/a><\/li><li><a href=\"#Que_faut-il_conclure\"><span class=\"toc_number toc_depth_1\">3<\/span> Que faut-il conclure ?<\/a><\/li><\/ul><\/div>\n<h2 style=\"text-align: justify;\"><span id=\"Quelle_est_la_position_des_tribunaux_par_rapport_a_l8217installation_de_creches_dans_l8217espace_public\">Quelle est la position des tribunaux par rapport \u00e0 l&#8217;installation de cr\u00e8ches dans l&#8217;espace public ?<\/span><\/h2>\n<p style=\"text-align: justify;\">Les d\u00e9cisions rendues par les juridictions administratives peuvent para\u00eetre contradictoires. Le tribunal administratif de Nantes a statu\u00e9 sur la question du maintien de la cr\u00e8che le 14 novembre tandis que le tribunal administratif de Montpellier a statu\u00e9 sur la question le 19 d\u00e9cembre.<\/p>\n<p>On constate alors que, la cr\u00e8che en Vend\u00e9e, sous r\u00e9serve de recours juridictionnel, devra \u00eatre retir\u00e9e, tandis que celle de B\u00e9ziers sera maintenue. Comment peut-on expliquer ces jugements contradictoires ?<\/p>\n<p style=\"text-align: justify;\">Le tribunal administratif de Montpellier n\u2019a pas jug\u00e9 sur le fond de la question, mais sur l\u2019urgence de juger. En consid\u00e9rant que la cr\u00e8che de l\u2019h\u00f4tel de d\u00e9partement de B\u00e9ziers ne pr\u00e9sentait aucun danger imminent \u00e0 l\u2019ordre public, il n\u2019y avait urgence \u00e0 juger. Par cons\u00e9quent, l\u2019affaire pourra \u00eatre jug\u00e9e sur le fond dans le futur.<\/p>\n<p style=\"text-align: justify;\">Cependant, cela ne signifie pas qu\u2019un jugement sur le fond par la cour administrative d\u2019appel de Marseille aboutirait \u00e0 une d\u00e9cision semblable \u00e0 celle du tribunal administratif de Nantes. Les solutions ne sont v\u00e9ritablement harmonis\u00e9es qu\u2019une fois que, au biais d&#8217;un recours, l\u2019affaire est port\u00e9e aupr\u00e8s du Conseil d\u2019Etat, qui est juge en droit en mati\u00e8re administrative.<\/p>\n<h2 style=\"text-align: justify;\"><span id=\"Que_dit_la_loi_en_ce_qui_concerne_l8217installation_de_creches_dans_l8217espace_public\">Que dit la loi en ce qui concerne l&#8217;installation de cr\u00e8ches dans l&#8217;espace public ?<\/span><\/h2>\n<p style=\"text-align: justify;\">En ce qui concerne l&#8217;installation de cr\u00e8ches dans l&#8217;espace public, les arguments allant \u00e0 l\u2019encontre de l\u2019installation des cr\u00e8ches sur les lieux publics ne sont pas d\u00e9nu\u00e9s de fondement juridique. L\u2019article 1er de la Constitution de la Cinqui\u00e8me R\u00e9publique dispose que \u201c<i>la France est une R\u00e9publique indivisible, la\u00efque, d\u00e9mocratique et sociale<\/i>\u201d.<\/p>\n<p style=\"text-align: justify;\">En dessous de l\u2019article premier de la Constitution, l\u2019article 28 de la loi du 9 d\u00e9cembre 1905 concernant la s\u00e9paration des Eglises et de l\u2019Etat dispose : \u201c<i>Il est interdit, \u00e0 l\u2019avenir, d\u2019\u00e9lever ou d\u2019apposer aucun signe ou embl\u00e8me religieux sur les monuments publics ou en quelque emplacement public que ce soit, \u00e0 l\u2019exception des \u00e9difices servant au culte, des terrains de s\u00e9pulture dans les cimeti\u00e8res, des monuments fun\u00e9raires, ainsi que des mus\u00e9es ou expositions<\/i>\u201d.<\/p>\n<p style=\"text-align: justify;\">Les mairies n\u2019\u00e9tant pas \u201c<i>des terrains de s\u00e9pulture, des monuments fun\u00e9raires, des mus\u00e9es ou encore des \u00e9difices servant au culte<\/i>&#8220;, l\u2019apposition de signes ou embl\u00e8mes religieux est strictement interdite.<\/p>\n<h2 style=\"text-align: justify;\"><span id=\"Que_faut-il_conclure\">Que faut-il conclure ?<\/span><\/h2>\n<p style=\"text-align: justify;\">Il est difficile de d\u00e9terminer si les cr\u00e8ches devraient \u00eatre syst\u00e9matiquement interdites, dans la mesure o\u00f9 le d\u00e9bat s\u2019est install\u00e9 afin de d\u00e9terminer si elles constituent un signe religieux ou un \u00e9l\u00e9ment de tradition. Ainsi, tant que le Conseil d\u2019Etat n\u2019aura pas tranch\u00e9 la diff\u00e9rence entre un signe ou embl\u00e8me culturel et un signe ou embl\u00e8me religieux, le destin des cr\u00e8ches \u00e0 No\u00ebl reste incertain.<\/p>\n\n<div class=\"kk-star-ratings\n     kksr-valign-bottom     kksr-align-left    \"\n    data-payload=\"{&quot;align&quot;:&quot;left&quot;,&quot;id&quot;:&quot;2082&quot;,&quot;slug&quot;:&quot;default&quot;,&quot;valign&quot;:&quot;bottom&quot;,&quot;reference&quot;:&quot;auto&quot;,&quot;count&quot;:&quot;51&quot;,&quot;readonly&quot;:&quot;&quot;,&quot;score&quot;:&quot;1.8&quot;,&quot;best&quot;:&quot;5&quot;,&quot;gap&quot;:&quot;5&quot;,&quot;greet&quot;:&quot;Rate this post&quot;,&quot;legend&quot;:&quot;1.8\\\/5 - (51 votes)&quot;,&quot;size&quot;:&quot;24&quot;,&quot;width&quot;:&quot;49.7&quot;,&quot;_legend&quot;:&quot;{score}\\\/{best} - ({count} {votes})&quot;}\">\n    \n<div class=\"kksr-stars\">\n    \n<div class=\"kksr-stars-inactive\">\n            <div class=\"kksr-star\" data-star=\"1\" style=\"padding-right: 5px\">\n            \n\n<div class=\"kksr-icon\" style=\"width: 24px; height: 24px;\"><\/div>\n        <\/div>\n            <div class=\"kksr-star\" data-star=\"2\" style=\"padding-right: 5px\">\n            \n\n<div class=\"kksr-icon\" style=\"width: 24px; height: 24px;\"><\/div>\n        <\/div>\n            <div class=\"kksr-star\" data-star=\"3\" style=\"padding-right: 5px\">\n            \n\n<div class=\"kksr-icon\" style=\"width: 24px; height: 24px;\"><\/div>\n        <\/div>\n            <div class=\"kksr-star\" data-star=\"4\" style=\"padding-right: 5px\">\n            \n\n<div class=\"kksr-icon\" style=\"width: 24px; height: 24px;\"><\/div>\n        <\/div>\n            <div class=\"kksr-star\" data-star=\"5\" style=\"padding-right: 5px\">\n            \n\n<div class=\"kksr-icon\" style=\"width: 24px; height: 24px;\"><\/div>\n        <\/div>\n    <\/div>\n    \n<div class=\"kksr-stars-active\" style=\"width: 49.7px;\">\n            <div class=\"kksr-star\" style=\"padding-right: 5px\">\n            \n\n<div class=\"kksr-icon\" style=\"width: 24px; height: 24px;\"><\/div>\n        <\/div>\n            <div class=\"kksr-star\" style=\"padding-right: 5px\">\n            \n\n<div class=\"kksr-icon\" style=\"width: 24px; height: 24px;\"><\/div>\n        <\/div>\n            <div class=\"kksr-star\" style=\"padding-right: 5px\">\n            \n\n<div class=\"kksr-icon\" style=\"width: 24px; height: 24px;\"><\/div>\n        <\/div>\n            <div class=\"kksr-star\" style=\"padding-right: 5px\">\n            \n\n<div class=\"kksr-icon\" style=\"width: 24px; height: 24px;\"><\/div>\n        <\/div>\n            <div class=\"kksr-star\" style=\"padding-right: 5px\">\n            \n\n<div class=\"kksr-icon\" style=\"width: 24px; height: 24px;\"><\/div>\n        <\/div>\n    <\/div>\n<\/div>\n    \n<div class=\"kksr-legend\">\n            1.8\/5 - (51 votes)    <\/div>\n<\/div>\n","protected":false},"excerpt":{"rendered":"<p>Depuis le d\u00e9but du mois de d\u00e9cembre, une controverse s\u2019est install\u00e9e en France \u00e0 propos d\u2019une ancienne tradition : la cr\u00e8che de No\u00ebl. En effet, le 14 novembre 2014, le tribunal administratif de Nantes a d\u00e9cid\u00e9 d\u2019annuler la d\u00e9cision implicite de refus du pr\u00e9sident du conseil g\u00e9n\u00e9ral de la Vend\u00e9e d\u2019interdire la mise en place [&hellip;]<\/p>\n","protected":false},"author":1,"featured_media":2085,"comment_status":"open","ping_status":"open","sticky":false,"template":"","format":"standard","meta":[],"categories":[113],"tags":[161,163,162],"yoast_head":"<!-- This site is optimized with the Yoast SEO plugin v19.1 - https:\/\/yoast.com\/wordpress\/plugins\/seo\/ -->\n<title>Peut-on installer une cr\u00e8che dans un espace public ? - LegaLife<\/title>\n<meta name=\"description\" content=\"Peut-on installer des cr\u00e8ches dans un espace public ? La r\u00e9daction LegaLife fait le point sur ce sujet d&#039;actualit\u00e9.\" \/>\n<meta name=\"robots\" content=\"index, follow, max-snippet:-1, max-image-preview:large, max-video-preview:-1\" \/>\n<link rel=\"canonical\" href=\"https:\/\/www.legalife.fr\/guides-juridiques\/installer-une-creche-dans-un-espace-public\/\" \/>\n<meta property=\"og:locale\" content=\"fr_FR\" \/>\n<meta property=\"og:type\" content=\"article\" \/>\n<meta property=\"og:title\" content=\"Peut-on installer une cr\u00e8che dans un espace public ? - LegaLife\" \/>\n<meta property=\"og:description\" content=\"Peut-on installer des cr\u00e8ches dans un espace public ? La r\u00e9daction LegaLife fait le point sur ce sujet d&#039;actualit\u00e9.\" \/>\n<meta property=\"og:url\" content=\"https:\/\/www.legalife.fr\/guides-juridiques\/installer-une-creche-dans-un-espace-public\/\" \/>\n<meta property=\"og:site_name\" content=\"LegaLife\" \/>\n<meta property=\"article:publisher\" content=\"https:\/\/www.facebook.com\/legalife.fr\" \/>\n<meta property=\"article:author\" content=\"https:\/\/www.facebook.com\/legalife.fr\" \/>\n<meta property=\"article:published_time\" content=\"2014-12-22T12:52:32+00:00\" \/>\n<meta property=\"article:modified_time\" content=\"2015-11-24T08:28:20+00:00\" \/>\n<meta property=\"og:image\" content=\"https:\/\/d1mxkq1wocxjoy.cloudfront.net\/guides-uploads\/2014\/12\/22230421\/1024px-Charles_Le_Brun.jpg\" \/>\n\t<meta property=\"og:image:width\" content=\"1024\" \/>\n\t<meta property=\"og:image:height\" content=\"721\" \/>\n\t<meta property=\"og:image:type\" content=\"image\/jpeg\" \/>\n<meta name=\"twitter:label1\" content=\"Written by\" \/>\n\t<meta name=\"twitter:data1\" content=\"LegaLife\" \/>\n\t<meta name=\"twitter:label2\" content=\"Est. reading time\" \/>\n\t<meta name=\"twitter:data2\" content=\"3 minutes\" \/>\n<script type=\"application\/ld+json\" class=\"yoast-schema-graph\">{\"@context\":\"https:\/\/schema.org\",\"@graph\":[{\"@type\":\"Organization\",\"@id\":\"https:\/\/www.legalife.fr\/guides-juridiques\/#organization\",\"name\":\"LegaLife\",\"url\":\"https:\/\/www.legalife.fr\/guides-juridiques\/\",\"sameAs\":[\"https:\/\/instagram.com\/lega_life\/\",\"https:\/\/www.linkedin.com\/company\/legalife\",\"https:\/\/www.pinterest.com\/Legalife_fr\/\",\"https:\/\/www.youtube.com\/channel\/UCB5gtPHHwPuKr7yHnd78f1g\",\"https:\/\/www.facebook.com\/legalife.fr\",\"https:\/\/twitter.com\/legalife\"],\"logo\":{\"@type\":\"ImageObject\",\"inLanguage\":\"fr-FR\",\"@id\":\"https:\/\/www.legalife.fr\/guides-juridiques\/#\/schema\/logo\/image\/\",\"url\":\"https:\/\/www.legalife.fr\/guides-juridiques\/wp-content\/uploads\/2016\/06\/versionslogo-01.png\",\"contentUrl\":\"https:\/\/www.legalife.fr\/guides-juridiques\/wp-content\/uploads\/2016\/06\/versionslogo-01.png\",\"width\":2292,\"height\":625,\"caption\":\"LegaLife\"},\"image\":{\"@id\":\"https:\/\/www.legalife.fr\/guides-juridiques\/#\/schema\/logo\/image\/\"}},{\"@type\":\"WebSite\",\"@id\":\"https:\/\/www.legalife.fr\/guides-juridiques\/#website\",\"url\":\"https:\/\/www.legalife.fr\/guides-juridiques\/\",\"name\":\"LegaLife\",\"description\":\"Toute l&#039;actualit\u00e9 juridique\",\"publisher\":{\"@id\":\"https:\/\/www.legalife.fr\/guides-juridiques\/#organization\"},\"potentialAction\":[{\"@type\":\"SearchAction\",\"target\":{\"@type\":\"EntryPoint\",\"urlTemplate\":\"https:\/\/www.legalife.fr\/guides-juridiques\/?s={search_term_string}\"},\"query-input\":\"required name=search_term_string\"}],\"inLanguage\":\"fr-FR\"},{\"@type\":\"ImageObject\",\"inLanguage\":\"fr-FR\",\"@id\":\"https:\/\/www.legalife.fr\/guides-juridiques\/installer-une-creche-dans-un-espace-public\/#primaryimage\",\"url\":\"https:\/\/d1mxkq1wocxjoy.cloudfront.net\/guides-uploads\/2014\/12\/22230421\/1024px-Charles_Le_Brun.jpg\",\"contentUrl\":\"https:\/\/d1mxkq1wocxjoy.cloudfront.net\/guides-uploads\/2014\/12\/22230421\/1024px-Charles_Le_Brun.jpg\",\"width\":1024,\"height\":721,\"caption\":\"Peut-on installer une cr\u00e8che dans un espace public ?\"},{\"@type\":\"WebPage\",\"@id\":\"https:\/\/www.legalife.fr\/guides-juridiques\/installer-une-creche-dans-un-espace-public\/#webpage\",\"url\":\"https:\/\/www.legalife.fr\/guides-juridiques\/installer-une-creche-dans-un-espace-public\/\",\"name\":\"Peut-on installer une cr\u00e8che dans un espace public ? - LegaLife\",\"isPartOf\":{\"@id\":\"https:\/\/www.legalife.fr\/guides-juridiques\/#website\"},\"primaryImageOfPage\":{\"@id\":\"https:\/\/www.legalife.fr\/guides-juridiques\/installer-une-creche-dans-un-espace-public\/#primaryimage\"},\"datePublished\":\"2014-12-22T12:52:32+00:00\",\"dateModified\":\"2015-11-24T08:28:20+00:00\",\"description\":\"Peut-on installer des cr\u00e8ches dans un espace public ? La r\u00e9daction LegaLife fait le point sur ce sujet d'actualit\u00e9.\",\"breadcrumb\":{\"@id\":\"https:\/\/www.legalife.fr\/guides-juridiques\/installer-une-creche-dans-un-espace-public\/#breadcrumb\"},\"inLanguage\":\"fr-FR\",\"potentialAction\":[{\"@type\":\"ReadAction\",\"target\":[\"https:\/\/www.legalife.fr\/guides-juridiques\/installer-une-creche-dans-un-espace-public\/\"]}]},{\"@type\":\"BreadcrumbList\",\"@id\":\"https:\/\/www.legalife.fr\/guides-juridiques\/installer-une-creche-dans-un-espace-public\/#breadcrumb\",\"itemListElement\":[{\"@type\":\"ListItem\",\"position\":1,\"name\":\"Guides juridiques\",\"item\":\"https:\/\/www.legalife.fr\/guides-juridiques\/\"},{\"@type\":\"ListItem\",\"position\":2,\"name\":\"@LegalHub\",\"item\":\"https:\/\/www.legalife.fr\/guides-juridiques\/legalhub\/\"},{\"@type\":\"ListItem\",\"position\":3,\"name\":\"Peut-on installer une cr\u00e8che dans un espace public ?\"}]},{\"@type\":\"Article\",\"@id\":\"https:\/\/www.legalife.fr\/guides-juridiques\/installer-une-creche-dans-un-espace-public\/#article\",\"isPartOf\":{\"@id\":\"https:\/\/www.legalife.fr\/guides-juridiques\/installer-une-creche-dans-un-espace-public\/#webpage\"},\"author\":{\"@id\":\"https:\/\/www.legalife.fr\/guides-juridiques\/#\/schema\/person\/48a14bcb904db9d47811591521a61112\"},\"headline\":\"Peut-on installer une cr\u00e8che dans un espace public ?\",\"datePublished\":\"2014-12-22T12:52:32+00:00\",\"dateModified\":\"2015-11-24T08:28:20+00:00\",\"mainEntityOfPage\":{\"@id\":\"https:\/\/www.legalife.fr\/guides-juridiques\/installer-une-creche-dans-un-espace-public\/#webpage\"},\"wordCount\":661,\"commentCount\":2,\"publisher\":{\"@id\":\"https:\/\/www.legalife.fr\/guides-juridiques\/#organization\"},\"image\":{\"@id\":\"https:\/\/www.legalife.fr\/guides-juridiques\/installer-une-creche-dans-un-espace-public\/#primaryimage\"},\"thumbnailUrl\":\"https:\/\/d1mxkq1wocxjoy.cloudfront.net\/guides-uploads\/2014\/12\/22230421\/1024px-Charles_Le_Brun.jpg\",\"keywords\":[\"Cr\u00e8che de No\u00ebl\",\"La\u00efcit\u00e9\",\"Loi 1905\"],\"articleSection\":[\"@LegalHub\"],\"inLanguage\":\"fr-FR\",\"potentialAction\":[{\"@type\":\"CommentAction\",\"name\":\"Comment\",\"target\":[\"https:\/\/www.legalife.fr\/guides-juridiques\/installer-une-creche-dans-un-espace-public\/#respond\"]}]},{\"@type\":\"Person\",\"@id\":\"https:\/\/www.legalife.fr\/guides-juridiques\/#\/schema\/person\/48a14bcb904db9d47811591521a61112\",\"name\":\"LegaLife\",\"image\":{\"@type\":\"ImageObject\",\"inLanguage\":\"fr-FR\",\"@id\":\"https:\/\/www.legalife.fr\/guides-juridiques\/#\/schema\/person\/image\/\",\"url\":\"https:\/\/secure.gravatar.com\/avatar\/0c59f9bc966559d7cf8640cbb8b89f68?s=96&d=mm&r=g\",\"contentUrl\":\"https:\/\/secure.gravatar.com\/avatar\/0c59f9bc966559d7cf8640cbb8b89f68?s=96&d=mm&r=g\",\"caption\":\"LegaLife\"},\"description\":\"LegaLife est un site proposant un accompagnement juridique simple et accessible aux TPE\/PME et aux particuliers. Cette solution permet \u00e0 nos membres de gagner du temps et d'\u00e9conomiser de l'argent face \u00e0 leurs probl\u00e9matiques juridiques.\",\"sameAs\":[\"http:\/\/www.legalife.fr\",\"https:\/\/www.facebook.com\/legalife.fr\",\"https:\/\/www.linkedin.com\/company\/legalife\",\"https:\/\/www.pinterest.com\/Legalife_fr\/\",\"https:\/\/twitter.com\/https:\/\/twitter.com\/legalife\"],\"url\":\"https:\/\/www.legalife.fr\/guides-juridiques\/author\/admin\/\"}]}<\/script>\n<!-- \/ Yoast SEO plugin. -->","yoast_head_json":{"title":"Peut-on installer une cr\u00e8che dans un espace public ? - LegaLife","description":"Peut-on installer des cr\u00e8ches dans un espace public ? La r\u00e9daction LegaLife fait le point sur ce sujet d'actualit\u00e9.","robots":{"index":"index","follow":"follow","max-snippet":"max-snippet:-1","max-image-preview":"max-image-preview:large","max-video-preview":"max-video-preview:-1"},"canonical":"https:\/\/www.legalife.fr\/guides-juridiques\/installer-une-creche-dans-un-espace-public\/","og_locale":"fr_FR","og_type":"article","og_title":"Peut-on installer une cr\u00e8che dans un espace public ? - LegaLife","og_description":"Peut-on installer des cr\u00e8ches dans un espace public ? La r\u00e9daction LegaLife fait le point sur ce sujet d'actualit\u00e9.","og_url":"https:\/\/www.legalife.fr\/guides-juridiques\/installer-une-creche-dans-un-espace-public\/","og_site_name":"LegaLife","article_publisher":"https:\/\/www.facebook.com\/legalife.fr","article_author":"https:\/\/www.facebook.com\/legalife.fr","article_published_time":"2014-12-22T12:52:32+00:00","article_modified_time":"2015-11-24T08:28:20+00:00","og_image":[{"width":1024,"height":721,"url":"https:\/\/d1mxkq1wocxjoy.cloudfront.net\/guides-uploads\/2014\/12\/22230421\/1024px-Charles_Le_Brun.jpg","type":"image\/jpeg"}],"twitter_misc":{"Written by":"LegaLife","Est. reading time":"3 minutes"},"schema":{"@context":"https:\/\/schema.org","@graph":[{"@type":"Organization","@id":"https:\/\/www.legalife.fr\/guides-juridiques\/#organization","name":"LegaLife","url":"https:\/\/www.legalife.fr\/guides-juridiques\/","sameAs":["https:\/\/instagram.com\/lega_life\/","https:\/\/www.linkedin.com\/company\/legalife","https:\/\/www.pinterest.com\/Legalife_fr\/","https:\/\/www.youtube.com\/channel\/UCB5gtPHHwPuKr7yHnd78f1g","https:\/\/www.facebook.com\/legalife.fr","https:\/\/twitter.com\/legalife"],"logo":{"@type":"ImageObject","inLanguage":"fr-FR","@id":"https:\/\/www.legalife.fr\/guides-juridiques\/#\/schema\/logo\/image\/","url":"https:\/\/www.legalife.fr\/guides-juridiques\/wp-content\/uploads\/2016\/06\/versionslogo-01.png","contentUrl":"https:\/\/www.legalife.fr\/guides-juridiques\/wp-content\/uploads\/2016\/06\/versionslogo-01.png","width":2292,"height":625,"caption":"LegaLife"},"image":{"@id":"https:\/\/www.legalife.fr\/guides-juridiques\/#\/schema\/logo\/image\/"}},{"@type":"WebSite","@id":"https:\/\/www.legalife.fr\/guides-juridiques\/#website","url":"https:\/\/www.legalife.fr\/guides-juridiques\/","name":"LegaLife","description":"Toute l&#039;actualit\u00e9 juridique","publisher":{"@id":"https:\/\/www.legalife.fr\/guides-juridiques\/#organization"},"potentialAction":[{"@type":"SearchAction","target":{"@type":"EntryPoint","urlTemplate":"https:\/\/www.legalife.fr\/guides-juridiques\/?s={search_term_string}"},"query-input":"required name=search_term_string"}],"inLanguage":"fr-FR"},{"@type":"ImageObject","inLanguage":"fr-FR","@id":"https:\/\/www.legalife.fr\/guides-juridiques\/installer-une-creche-dans-un-espace-public\/#primaryimage","url":"https:\/\/d1mxkq1wocxjoy.cloudfront.net\/guides-uploads\/2014\/12\/22230421\/1024px-Charles_Le_Brun.jpg","contentUrl":"https:\/\/d1mxkq1wocxjoy.cloudfront.net\/guides-uploads\/2014\/12\/22230421\/1024px-Charles_Le_Brun.jpg","width":1024,"height":721,"caption":"Peut-on installer une cr\u00e8che dans un espace public ?"},{"@type":"WebPage","@id":"https:\/\/www.legalife.fr\/guides-juridiques\/installer-une-creche-dans-un-espace-public\/#webpage","url":"https:\/\/www.legalife.fr\/guides-juridiques\/installer-une-creche-dans-un-espace-public\/","name":"Peut-on installer une cr\u00e8che dans un espace public ? - LegaLife","isPartOf":{"@id":"https:\/\/www.legalife.fr\/guides-juridiques\/#website"},"primaryImageOfPage":{"@id":"https:\/\/www.legalife.fr\/guides-juridiques\/installer-une-creche-dans-un-espace-public\/#primaryimage"},"datePublished":"2014-12-22T12:52:32+00:00","dateModified":"2015-11-24T08:28:20+00:00","description":"Peut-on installer des cr\u00e8ches dans un espace public ? La r\u00e9daction LegaLife fait le point sur ce sujet d'actualit\u00e9.","breadcrumb":{"@id":"https:\/\/www.legalife.fr\/guides-juridiques\/installer-une-creche-dans-un-espace-public\/#breadcrumb"},"inLanguage":"fr-FR","potentialAction":[{"@type":"ReadAction","target":["https:\/\/www.legalife.fr\/guides-juridiques\/installer-une-creche-dans-un-espace-public\/"]}]},{"@type":"BreadcrumbList","@id":"https:\/\/www.legalife.fr\/guides-juridiques\/installer-une-creche-dans-un-espace-public\/#breadcrumb","itemListElement":[{"@type":"ListItem","position":1,"name":"Guides juridiques","item":"https:\/\/www.legalife.fr\/guides-juridiques\/"},{"@type":"ListItem","position":2,"name":"@LegalHub","item":"https:\/\/www.legalife.fr\/guides-juridiques\/legalhub\/"},{"@type":"ListItem","position":3,"name":"Peut-on installer une cr\u00e8che dans un espace public ?"}]},{"@type":"Article","@id":"https:\/\/www.legalife.fr\/guides-juridiques\/installer-une-creche-dans-un-espace-public\/#article","isPartOf":{"@id":"https:\/\/www.legalife.fr\/guides-juridiques\/installer-une-creche-dans-un-espace-public\/#webpage"},"author":{"@id":"https:\/\/www.legalife.fr\/guides-juridiques\/#\/schema\/person\/48a14bcb904db9d47811591521a61112"},"headline":"Peut-on installer une cr\u00e8che dans un espace public ?","datePublished":"2014-12-22T12:52:32+00:00","dateModified":"2015-11-24T08:28:20+00:00","mainEntityOfPage":{"@id":"https:\/\/www.legalife.fr\/guides-juridiques\/installer-une-creche-dans-un-espace-public\/#webpage"},"wordCount":661,"commentCount":2,"publisher":{"@id":"https:\/\/www.legalife.fr\/guides-juridiques\/#organization"},"image":{"@id":"https:\/\/www.legalife.fr\/guides-juridiques\/installer-une-creche-dans-un-espace-public\/#primaryimage"},"thumbnailUrl":"https:\/\/d1mxkq1wocxjoy.cloudfront.net\/guides-uploads\/2014\/12\/22230421\/1024px-Charles_Le_Brun.jpg","keywords":["Cr\u00e8che de No\u00ebl","La\u00efcit\u00e9","Loi 1905"],"articleSection":["@LegalHub"],"inLanguage":"fr-FR","potentialAction":[{"@type":"CommentAction","name":"Comment","target":["https:\/\/www.legalife.fr\/guides-juridiques\/installer-une-creche-dans-un-espace-public\/#respond"]}]},{"@type":"Person","@id":"https:\/\/www.legalife.fr\/guides-juridiques\/#\/schema\/person\/48a14bcb904db9d47811591521a61112","name":"LegaLife","image":{"@type":"ImageObject","inLanguage":"fr-FR","@id":"https:\/\/www.legalife.fr\/guides-juridiques\/#\/schema\/person\/image\/","url":"https:\/\/secure.gravatar.com\/avatar\/0c59f9bc966559d7cf8640cbb8b89f68?s=96&d=mm&r=g","contentUrl":"https:\/\/secure.gravatar.com\/avatar\/0c59f9bc966559d7cf8640cbb8b89f68?s=96&d=mm&r=g","caption":"LegaLife"},"description":"LegaLife est un site proposant un accompagnement juridique simple et accessible aux TPE\/PME et aux particuliers. Cette solution permet \u00e0 nos membres de gagner du temps et d'\u00e9conomiser de l'argent face \u00e0 leurs probl\u00e9matiques juridiques.","sameAs":["http:\/\/www.legalife.fr","https:\/\/www.facebook.com\/legalife.fr","https:\/\/www.linkedin.com\/company\/legalife","https:\/\/www.pinterest.com\/Legalife_fr\/","https:\/\/twitter.com\/https:\/\/twitter.com\/legalife"],"url":"https:\/\/www.legalife.fr\/guides-juridiques\/author\/admin\/"}]}},"_links":{"self":[{"href":"https:\/\/www.legalife.fr\/guides-juridiques\/wp-json\/wp\/v2\/posts\/2082"}],"collection":[{"href":"https:\/\/www.legalife.fr\/guides-juridiques\/wp-json\/wp\/v2\/posts"}],"about":[{"href":"https:\/\/www.legalife.fr\/guides-juridiques\/wp-json\/wp\/v2\/types\/post"}],"author":[{"embeddable":true,"href":"https:\/\/www.legalife.fr\/guides-juridiques\/wp-json\/wp\/v2\/users\/1"}],"replies":[{"embeddable":true,"href":"https:\/\/www.legalife.fr\/guides-juridiques\/wp-json\/wp\/v2\/comments?post=2082"}],"version-history":[{"count":22,"href":"https:\/\/www.legalife.fr\/guides-juridiques\/wp-json\/wp\/v2\/posts\/2082\/revisions"}],"predecessor-version":[{"id":5297,"href":"https:\/\/www.legalife.fr\/guides-juridiques\/wp-json\/wp\/v2\/posts\/2082\/revisions\/5297"}],"wp:featuredmedia":[{"embeddable":true,"href":"https:\/\/www.legalife.fr\/guides-juridiques\/wp-json\/wp\/v2\/media\/2085"}],"wp:attachment":[{"href":"https:\/\/www.legalife.fr\/guides-juridiques\/wp-json\/wp\/v2\/media?parent=2082"}],"wp:term":[{"taxonomy":"category","embeddable":true,"href":"https:\/\/www.legalife.fr\/guides-juridiques\/wp-json\/wp\/v2\/categories?post=2082"},{"taxonomy":"post_tag","embeddable":true,"href":"https:\/\/www.legalife.fr\/guides-juridiques\/wp-json\/wp\/v2\/tags?post=2082"}],"curies":[{"name":"wp","href":"https:\/\/api.w.org\/{rel}","templated":true}]}}