{"id":1055,"date":"2014-11-20T16:16:50","date_gmt":"2014-11-20T15:16:50","guid":{"rendered":"http:\/\/www.legalife.fr\/blog\/?p=1055"},"modified":"2017-02-21T18:46:15","modified_gmt":"2017-02-21T17:46:15","slug":"changement-objet-social-sas-sarl","status":"publish","type":"post","link":"https:\/\/www.legalife.fr\/guides-juridiques\/changement-objet-social-sas-sarl\/","title":{"rendered":"Changement d&#8217;objet social (SA, SAS et SARL)"},"content":{"rendered":"<p>Vous pouvez <a href=\"https:\/\/www.legalife.fr\/modele\/modification-objet-social\">modifier l\u2019objet social<\/a> de votre soci\u00e9t\u00e9 \u00e0 n\u2019importe quel moment. Pour le faire, il suffit d\u2019accomplir certaines formalit\u00e9s. Le changement d&#8217;objet social implique une modification des statuts de la soci\u00e9t\u00e9. Cela impose donc la convocation d\u2019une assembl\u00e9e g\u00e9n\u00e9rale extraordinaire ou, \u00e9ventuellement, un autre organe dans le cas des <a href=\"https:\/\/www.legalife.fr\/modele\/statuts-sas\">SAS<\/a>.<\/p>\n<p>Par la suite, vous devez effectuer quelques formalit\u00e9s aupr\u00e8s du centre de formalit\u00e9s des entreprises ou de votre <a href=\"https:\/\/www.legalife.fr\/guides-juridiques\/greffier-tribunal-de-commerce\/\" target=\"_blank\">greffe du tribunal de commerce<\/a>.<\/p>\n<p class=\"p1\"><span class=\"s1\"><a class=\"mks_button mks_button_large squared\" href=\"https:\/\/www.legalife.fr\/modele\/modification-objet-social\/\" target=\"_self\" style=\"color: #FFFFFF; background-color: #ff7e00\" ><i class=\"fa fa-angle-right\"><\/i><b>R\u00e9diger un proc\u00e8s verbal d'assembl\u00e9e g\u00e9n\u00e9rale en quelques clics<\/b><\/a><\/span><\/p>\n<div id=\"toc_container\" class=\"no_bullets\"><p class=\"toc_title\">Table des mati&egrave;res<\/p><ul class=\"toc_list\"><li><a href=\"#Formalites_et_procedure_du_changement_d8217objet_social_SA_SAS_et_SARL\"><span class=\"toc_number toc_depth_1\">1<\/span> Formalit\u00e9s et proc\u00e9dure du changement d&#8217;objet social (SA, SAS et SARL)<\/a><ul><li><a href=\"#Changement_d8217objet_social_avec_modification_de_lactivite_de_la_societe\"><span class=\"toc_number toc_depth_2\">1.1<\/span> Changement d&#8217;objet social avec modification de l\u2019activit\u00e9 de la soci\u00e9t\u00e9<\/a><ul><li><a href=\"#La_decision_de_modifier_lobjet_social\"><span class=\"toc_number toc_depth_3\">1.1.1<\/span> La d\u00e9cision de modifier l\u2019objet social<\/a><\/li><li><a href=\"#Publication_de_la_modification_des_statuts_de_la_societe\"><span class=\"toc_number toc_depth_3\">1.1.2<\/span> Publication de la modification des statuts de la soci\u00e9t\u00e9<\/a><\/li><li><a href=\"#Depot_du_dossier_de_modification_des_statuts_de_la_societe\"><span class=\"toc_number toc_depth_3\">1.1.3<\/span> D\u00e9p\u00f4t du dossier de modification des statuts de la soci\u00e9t\u00e9<\/a><\/li><li><a href=\"#Formalites_complementaires_le_cas_echeant\"><span class=\"toc_number toc_depth_3\">1.1.4<\/span> Formalit\u00e9s compl\u00e9mentaires le cas \u00e9ch\u00e9ant<\/a><\/li><\/ul><\/li><li><a href=\"#Decision_de_modification_de_lobjet_social_sans_modification_des_activites\"><span class=\"toc_number toc_depth_2\">1.2<\/span> D\u00e9cision de modification de l\u2019objet social sans modification des activit\u00e9s<\/a><\/li><\/ul><\/li><li><a href=\"#Textes_fondamentaux_relatifs_au_changement_d8217objet_social_SA_SAS_et_SARL\"><span class=\"toc_number toc_depth_1\">2<\/span> Textes fondamentaux relatifs au changement d&#8217;objet social (SA, SAS et SARL)<\/a><\/li><li><a href=\"#Question_frequente\"><span class=\"toc_number toc_depth_1\">3<\/span> Question fr\u00e9quente<\/a><\/li><\/ul><\/div>\n<h2 style=\"text-align: justify;\"><span id=\"Formalites_et_procedure_du_changement_d8217objet_social_SA_SAS_et_SARL\">Formalit\u00e9s et proc\u00e9dure du changement d&#8217;objet social (SA, SAS et SARL)<\/span><\/h2>\n<h3 style=\"text-align: justify;\"><span id=\"Changement_d8217objet_social_avec_modification_de_lactivite_de_la_societe\">Changement d&#8217;objet social avec modification de l\u2019activit\u00e9 de la soci\u00e9t\u00e9<\/span><\/h3>\n<p>Voici les \u00e9tapes \u00e0 suivre pour proc\u00e9der \u00e0 ce changement d&#8217;objet social.<\/p>\n<h4><span id=\"La_decision_de_modifier_lobjet_social\">La d\u00e9cision de modifier l\u2019objet social<\/span><\/h4>\n<p>Le changement d\u2019objet social avec modification des activit\u00e9s requiert une modification des <a title=\"R\u00e9digez vos statuts\" href=\" https:\/\/www.legalife.fr\/creez-votre-entreprise\"> statuts<\/a> de la soci\u00e9t\u00e9. En effet, l\u2019objet social modifi\u00e9 doit obligatoirement y figurer.<\/p>\n<p>Ainsi pour les SA et les SARL, la premi\u00e8re \u00e9tape consiste dans la convocation d\u2019une <a title=\"G\u00e9n\u00e9ralit\u00e9s sur l'assembl\u00e9e g\u00e9n\u00e9rale\" href=\" https:\/\/www.legalife.fr\/guides-juridiques\/generalites-sur-lassemblee-generale\"> assembl\u00e9e g\u00e9n\u00e9rale extraordinaire<\/a> de la soci\u00e9t\u00e9. Au terme de cette AGE,\u00a0les associ\u00e9s ou actionnaires se mettent d\u2019accord sur le changement d\u2019objet social. Ils modifient en cons\u00e9quence les statuts de la soci\u00e9t\u00e9.<\/p>\n<p>Si vous voulez <a href=\"https:\/\/www.legalife.fr\/modele\/modification-objet-social\">modifier l\u2019objet social<\/a> d\u2019une <a title=\"Cr\u00e9er vos statuts de SAS\" href=\" https:\/\/www.legalife.fr\/document\/statuts-sas\"> SAS (soci\u00e9t\u00e9 par actions simplifi\u00e9e)<\/a>, vous devez consulter les statuts afin de savoir quel organe est comp\u00e9tent pour prendre cette d\u00e9cision. Le plus souvent, il s\u2019agit d\u2019une assembl\u00e9e g\u00e9n\u00e9rale. Toutefois, les statuts peuvent pr\u00e9voir qu\u2019il incombe \u00e0 un conseil d\u2019administration ou \u00e0 un autre organe.<\/p>\n<p>Lors de cette \u00e9tape, il faut \u00e9galement pr\u00e9voir l\u2019octroi des pouvoirs \u00e0 la personne de votre choix pour\u00a0r\u00e9aliser les formalit\u00e9s de publicit\u00e9 n\u00e9cessaires. Cette personne peut \u00eatre un associ\u00e9 ou un repr\u00e9sentant de la soci\u00e9t\u00e9.<\/p>\n<h4><span id=\"Publication_de_la_modification_des_statuts_de_la_societe\">Publication de la modification des statuts de la soci\u00e9t\u00e9<\/span><\/h4>\n<p>Par la suite, il faut publier la modification des statuts de la soci\u00e9t\u00e9.<\/p>\n<p>Cette publication doit \u00eatre faite dans un journal habilit\u00e9 \u00e0 recevoir les annonces l\u00e9gales (JAL) dans le d\u00e9partement du si\u00e8ge social de la soci\u00e9t\u00e9.<\/p>\n<h4><span id=\"Depot_du_dossier_de_modification_des_statuts_de_la_societe\">D\u00e9p\u00f4t du dossier de modification des statuts de la soci\u00e9t\u00e9<\/span><\/h4>\n<p>Vous devez d\u00e9poser un dossier de modification de l\u2019objet social de la soci\u00e9t\u00e9 au greffe du tribunal de commerce.<\/p>\n<p>Le d\u00e9p\u00f4t du dossier doit intervenir dans le d\u00e9lai d\u2019un (1) mois suite \u00e0 la publication de la modification des statuts dans le journal d\u2019annonces l\u00e9gales.<\/p>\n<p>Ce dossier doit contenir les pi\u00e8ces suivantes :<\/p>\n<ul>\n<li>Un exemplaire du <a href=\"https:\/\/www.legalife.fr\/modele\/modification-objet-social\">proc\u00e8s-verbal de l\u2019assembl\u00e9e g\u00e9n\u00e9rale modifiant l&#8217;objet social<\/a>\u00a0;<\/li>\n<\/ul>\n<ul>\n<li>Un exemplaire des statuts modifi\u00e9s, dat\u00e9 et certifi\u00e9 conforme par le repr\u00e9sentant l\u00e9gal de la soci\u00e9t\u00e9 ;<\/li>\n<\/ul>\n<ul>\n<li>Un formulaire M2 ;<\/li>\n<\/ul>\n<ul>\n<li>Dans le cas o\u00f9 le repr\u00e9sentant l\u00e9gal n\u2019aurait pas sign\u00e9 lui-m\u00eame le formulaire M2, assurez vous de joindre un pouvoir en original de ce dernier ;<\/li>\n<\/ul>\n<ul>\n<li>Une attestation de parution d\u2019un avis dans un journal d\u2019annonces l\u00e9gales ; et<\/li>\n<\/ul>\n<ul>\n<li>Un r\u00e8glement par ch\u00e8que, si vous souhaitez payer par ce moyen, au nom du greffe du tribunal de commerce et \u00e0 la valeur de 203,20 euros. Vous pouvez \u00e9galement payer par carte bancaire au greffe du tribunal.<\/li>\n<\/ul>\n<h4><span id=\"Formalites_complementaires_le_cas_echeant\">Formalit\u00e9s compl\u00e9mentaires le cas \u00e9ch\u00e9ant<\/span><\/h4>\n<p>Si vous souhaitez modifier l\u2019objet social d\u2019une soci\u00e9t\u00e9 par actions, afin d\u2019\u00e9tendre son activit\u00e9 \u00e0 un domaine non pr\u00e9vu par l\u2019objet social initial, vous pouvez \u00eatre contraint d\u2019effectuer une formalit\u00e9 compl\u00e9mentaire, \u00e0 savoir :<\/p>\n<p>Si vous avez \u00e9mis des valeurs mobili\u00e8res donnant \u00e0 terme acc\u00e8s \u00e0 des titres de capital avant la modification de l\u2019objet social, et que vous n\u2019avez pas inclus dans le contrat d\u2019\u00e9mission de valeurs une clause permettant le changement d\u2019objet social de la soci\u00e9t\u00e9 sans leur autorisation, vous devez obtenir l\u2019autorisation de la majorit\u00e9 des porteurs de valeurs mobili\u00e8res en question, en plus de l\u2019autorisation requise de l\u2019assembl\u00e9e g\u00e9n\u00e9rale de la soci\u00e9t\u00e9.<\/p>\n<p>D&#8217;un autre c\u00f4t\u00e9, si vous souhaitez modifier l\u2019objet social de votre soci\u00e9t\u00e9, sans pour autant modifier ses activit\u00e9s, vous devez suivre une proc\u00e9dure moins contraignante.<\/p>\n<h3 style=\"text-align: justify;\"><span id=\"Decision_de_modification_de_lobjet_social_sans_modification_des_activites\">D\u00e9cision de modification de l\u2019objet social sans modification des activit\u00e9s<\/span><\/h3>\n<p>La modification d\u2019objet social sans modification des activit\u00e9s suit la proc\u00e9dure de la modification de l\u2019objet social avec modification des activit\u00e9s.<\/p>\n<p>Vous devez d\u2019abord prendre la d\u00e9cision de modification par l\u2019organe comp\u00e9tent et proc\u00e9der \u00e0 la publication de la d\u00e9cision dans un journal d\u2019annonces l\u00e9gales.<\/p>\n<p>Ensuite, vous devez d\u00e9poser les actes suivants au greffe du tribunal de commerce dans un d\u00e9lai d\u2019un (1) mois :<\/p>\n<ul>\n<li>Un exemplaire du <a href=\"https:\/\/www.legalife.fr\/modele\/modification-objet-social\">proc\u00e8s-verbal de l\u2019assembl\u00e9e g\u00e9n\u00e9rale modifiant l&#8217;objet social<\/a>\u00a0;<\/li>\n<\/ul>\n<ul>\n<li>Un exemplaire des statuts modifi\u00e9s, dat\u00e9 et certifi\u00e9 conforme par le repr\u00e9sentant l\u00e9gal de la soci\u00e9t\u00e9 ; et<\/li>\n<\/ul>\n<ul>\n<li>Un ch\u00e8que \u00e0 l\u2019ordre du tribunal, si vous souhaitez payer par ce moyen, \u00e0 l\u2019ordre du greffe du tribunal de commerce et \u00e0 la valeur de 19,15 euros. Vous pouvez \u00e9galement payer par carte bancaire, au greffe du tribunal de commerce.<\/li>\n<\/ul>\n<p><a href=\"https:\/\/www.legalife.fr\/consulter-un-avocat\"><img loading=\"lazy\" class=\"wp-image-8247  alignnone\" src=\"https:\/\/d1mxkq1wocxjoy.cloudfront.net\/guides-uploads\/2014\/11\/21184400\/Copy-of-Gratuit-4-300x176.png\" alt=\"Changement d'objet social : conseils juridiques \" width=\"746\" height=\"438\" srcset=\"https:\/\/d1mxkq1wocxjoy.cloudfront.net\/guides-uploads\/2014\/11\/21184400\/Copy-of-Gratuit-4-300x176.png 300w, https:\/\/d1mxkq1wocxjoy.cloudfront.net\/guides-uploads\/2014\/11\/21184400\/Copy-of-Gratuit-4-768x450.png 768w, https:\/\/d1mxkq1wocxjoy.cloudfront.net\/guides-uploads\/2014\/11\/21184400\/Copy-of-Gratuit-4-1024x600.png 1024w, https:\/\/d1mxkq1wocxjoy.cloudfront.net\/guides-uploads\/2014\/11\/21184400\/Copy-of-Gratuit-4-810x475.png 810w, https:\/\/d1mxkq1wocxjoy.cloudfront.net\/guides-uploads\/2014\/11\/21184400\/Copy-of-Gratuit-4-1140x668.png 1140w\" sizes=\"(max-width: 746px) 100vw, 746px\" \/><\/a><\/p>\n<h2 style=\"text-align: justify;\"><span id=\"Textes_fondamentaux_relatifs_au_changement_d8217objet_social_SA_SAS_et_SARL\">Textes fondamentaux relatifs au changement d&#8217;objet social (SA, SAS et SARL)<\/span><\/h2>\n<p>Articles du Code de commerce :<\/p>\n<ul>\n<li><a href=\"https:\/\/www.legifrance.gouv.fr\/affichCode.do?idSectionTA=LEGISCTA000006178774&amp;cidTexte=LEGITEXT000005634379&amp;dateTexte=20161103\" target=\"_blank\">L 228-98<\/a> d\u00e9taillant l\u2019impossibilit\u00e9 pour une soci\u00e9t\u00e9 par actions de modifier par d\u00e9cision de l\u2019assembl\u00e9e g\u00e9n\u00e9rale seule, sa forme ou son objet apr\u00e8s l\u2019\u00e9mission de valeurs mobili\u00e8res donnant \u00e0 terme titre sur le capital et en absence d\u2019une clause sur le contrat d\u2019\u00e9mission y faisant exception ;<\/li>\n<\/ul>\n<ul>\n<li><a href=\"https:\/\/www.legifrance.gouv.fr\/affichCode.do?idSectionTA=LEGISCTA000006178774&amp;cidTexte=LEGITEXT000005634379&amp;dateTexte=20161103\" target=\"_blank\">L 228-100<\/a> disposant : \u00abLes dispositions des articles L. 228-98 et L. 228-99 sont applicables aussi longtemps qu&#8217;il existe des droits attach\u00e9s \u00e0 chacun des \u00e9l\u00e9ments des valeurs mobili\u00e8res mentionn\u00e9es \u00e0 ces articles \u00bb ;<\/li>\n<\/ul>\n<ul>\n<li><a href=\"https:\/\/www.legifrance.gouv.fr\/affichCode.do?idSectionTA=LEGISCTA000006178774&amp;cidTexte=LEGITEXT000005634379&amp;dateTexte=20161103\" target=\"_blank\">L 228-103<\/a> d\u00e9taillant la n\u00e9cessit\u00e9 de l\u2019accord des possesseurs de valeurs mobili\u00e8res donnant \u00e0 terme titre sur le capital pour toute modification de la forme ou de l\u2019objet de la soci\u00e9t\u00e9 ;<\/li>\n<\/ul>\n<ul>\n<li>R 123-105 d\u00e9taillant l\u2019obligation et le d\u00e9lai pour d\u00e9poser un acte modificatif ;<\/li>\n<\/ul>\n<ul>\n<li>R 210-9 d\u00e9taillant l\u2019obligation de publication lorsque une des formalit\u00e9s de la cr\u00e9ation d\u2019entreprise deviennent caduques ; et<\/li>\n<\/ul>\n<ul>\n<li>R 210-3 d\u00e9taillant la n\u00e9cessit\u00e9 de publication dans un journal d\u2019annonces l\u00e9gales lorsque les formalit\u00e9s de constitution d\u2019une soci\u00e9t\u00e9 sont accomplies.<\/li>\n<\/ul>\n<h2 style=\"text-align: justify;\"><span id=\"Question_frequente\">Question fr\u00e9quente<\/span><\/h2>\n<p><span style=\"text-decoration: underline;\">Quel est l\u2019avantage de restreindre ou \u00e9tendre l\u2019objet social ?<\/span><\/p>\n<p>L\u2019objet social correspond \u00e0 l\u2019\u00e9tendue possible des activit\u00e9s qu\u2019une soci\u00e9t\u00e9 peut exercer (et non pas effectivement exerc\u00e9es). Un objet social restreint permet \u00e0 la soci\u00e9t\u00e9 de limiter l\u2019action du dirigeant de la soci\u00e9t\u00e9, la cantonnant \u00e0 un objet social r\u00e9duit.<\/p>\n<p>L\u2019extension permet \u00e0 une soci\u00e9t\u00e9, pour plusieurs raisons, d\u2019exercer de nouvelles activit\u00e9s en lien avec son objet social initial, mais non pr\u00e9vus par les statuts ant\u00e9rieurs. Ceci peut \u00eatre d\u00fb notamment \u00e0 la croissance \u00e9conomique d\u2019une soci\u00e9t\u00e9, qui peut d\u00e9sormais \u00e9tendre son champs d\u2019activit\u00e9.<\/p>\n<p>Pour plus d&#8217;informations sur le sujet, vous pouvez consulter notre article : <a title=\"L\u2019objet social en quelques mots\" href=\"https:\/\/www.legalife.fr\/blog\/lobjet-social-en-quelques-mots\/\"> l\u2019objet social en quelques mots<\/a>.<\/p>\n<p><span style=\"text-decoration: underline;\"><strong>Documents juridiques utiles :<\/strong><\/span><\/p>\n<p><a href=\"https:\/\/www.legalife.fr\/modele\/modification-objet-social\">Mod\u00e8le de PV d&#8217;AG contenant modification de l&#8217;objet social<\/a><\/p>\n\n<div class=\"kk-star-ratings\n     kksr-valign-bottom     kksr-align-left    \"\n    data-payload=\"{&quot;align&quot;:&quot;left&quot;,&quot;id&quot;:&quot;1055&quot;,&quot;slug&quot;:&quot;default&quot;,&quot;valign&quot;:&quot;bottom&quot;,&quot;reference&quot;:&quot;auto&quot;,&quot;count&quot;:&quot;13&quot;,&quot;readonly&quot;:&quot;&quot;,&quot;score&quot;:&quot;4.6&quot;,&quot;best&quot;:&quot;5&quot;,&quot;gap&quot;:&quot;5&quot;,&quot;greet&quot;:&quot;Rate this post&quot;,&quot;legend&quot;:&quot;4.6\\\/5 - (13 votes)&quot;,&quot;size&quot;:&quot;24&quot;,&quot;width&quot;:&quot;130.9&quot;,&quot;_legend&quot;:&quot;{score}\\\/{best} - ({count} {votes})&quot;}\">\n    \n<div class=\"kksr-stars\">\n    \n<div class=\"kksr-stars-inactive\">\n            <div class=\"kksr-star\" data-star=\"1\" style=\"padding-right: 5px\">\n            \n\n<div class=\"kksr-icon\" style=\"width: 24px; height: 24px;\"><\/div>\n        <\/div>\n            <div class=\"kksr-star\" data-star=\"2\" style=\"padding-right: 5px\">\n            \n\n<div class=\"kksr-icon\" style=\"width: 24px; height: 24px;\"><\/div>\n        <\/div>\n            <div class=\"kksr-star\" data-star=\"3\" style=\"padding-right: 5px\">\n            \n\n<div class=\"kksr-icon\" style=\"width: 24px; height: 24px;\"><\/div>\n        <\/div>\n            <div class=\"kksr-star\" data-star=\"4\" style=\"padding-right: 5px\">\n            \n\n<div class=\"kksr-icon\" style=\"width: 24px; height: 24px;\"><\/div>\n        <\/div>\n            <div class=\"kksr-star\" data-star=\"5\" style=\"padding-right: 5px\">\n            \n\n<div class=\"kksr-icon\" style=\"width: 24px; height: 24px;\"><\/div>\n        <\/div>\n    <\/div>\n    \n<div class=\"kksr-stars-active\" style=\"width: 130.9px;\">\n            <div class=\"kksr-star\" style=\"padding-right: 5px\">\n            \n\n<div class=\"kksr-icon\" style=\"width: 24px; height: 24px;\"><\/div>\n        <\/div>\n            <div class=\"kksr-star\" style=\"padding-right: 5px\">\n            \n\n<div class=\"kksr-icon\" style=\"width: 24px; height: 24px;\"><\/div>\n        <\/div>\n            <div class=\"kksr-star\" style=\"padding-right: 5px\">\n            \n\n<div class=\"kksr-icon\" style=\"width: 24px; height: 24px;\"><\/div>\n        <\/div>\n            <div class=\"kksr-star\" style=\"padding-right: 5px\">\n            \n\n<div class=\"kksr-icon\" style=\"width: 24px; height: 24px;\"><\/div>\n        <\/div>\n            <div class=\"kksr-star\" style=\"padding-right: 5px\">\n            \n\n<div class=\"kksr-icon\" style=\"width: 24px; height: 24px;\"><\/div>\n        <\/div>\n    <\/div>\n<\/div>\n    \n<div class=\"kksr-legend\">\n            4.6\/5 - (13 votes)    <\/div>\n<\/div>\n","protected":false},"excerpt":{"rendered":"<p>Vous pouvez modifier l\u2019objet social de votre soci\u00e9t\u00e9 \u00e0 n\u2019importe quel moment. Pour le faire, il suffit d\u2019accomplir certaines formalit\u00e9s. Le changement d&#8217;objet social implique une modification des statuts de la soci\u00e9t\u00e9. Cela impose donc la convocation d\u2019une assembl\u00e9e g\u00e9n\u00e9rale extraordinaire ou, \u00e9ventuellement, un autre organe dans le cas des SAS. Par la suite, vous [&hellip;]<\/p>\n","protected":false},"author":3,"featured_media":1226,"comment_status":"open","ping_status":"open","sticky":false,"template":"","format":"standard","meta":[],"categories":[412],"tags":[76,75,77,40],"yoast_head":"<!-- This site is optimized with the Yoast SEO plugin v19.1 - https:\/\/yoast.com\/wordpress\/plugins\/seo\/ -->\n<title>Le changement d&#039;objet social (SA, SAS et SARL)<\/title>\n<meta name=\"description\" content=\"Vous pouvez modifier l\u2019objet de votre soci\u00e9t\u00e9 \u00e0 n\u2019importe quel moment. Pour faire ce changement d&#039;objet social, il faut accomplir certaines formalit\u00e9s.\" \/>\n<meta name=\"robots\" content=\"index, follow, max-snippet:-1, max-image-preview:large, max-video-preview:-1\" \/>\n<link rel=\"canonical\" href=\"https:\/\/www.legalife.fr\/guides-juridiques\/changement-objet-social-sas-sarl\/\" \/>\n<meta property=\"og:locale\" content=\"fr_FR\" \/>\n<meta property=\"og:type\" content=\"article\" \/>\n<meta property=\"og:title\" content=\"Le changement d&#039;objet social (SA, SAS et SARL)\" \/>\n<meta property=\"og:description\" content=\"Vous pouvez modifier l\u2019objet de votre soci\u00e9t\u00e9 \u00e0 n\u2019importe quel moment. Pour faire ce changement d&#039;objet social, il faut accomplir certaines formalit\u00e9s.\" \/>\n<meta property=\"og:url\" content=\"https:\/\/www.legalife.fr\/guides-juridiques\/changement-objet-social-sas-sarl\/\" \/>\n<meta property=\"og:site_name\" content=\"LegaLife\" \/>\n<meta property=\"article:publisher\" content=\"https:\/\/www.facebook.com\/legalife.fr\" \/>\n<meta property=\"article:published_time\" content=\"2014-11-20T15:16:50+00:00\" \/>\n<meta property=\"article:modified_time\" content=\"2017-02-21T17:46:15+00:00\" \/>\n<meta property=\"og:image\" content=\"https:\/\/d1mxkq1wocxjoy.cloudfront.net\/guides-uploads\/2014\/11\/22230540\/14441908827_356a95bb20_z.jpg\" \/>\n\t<meta property=\"og:image:width\" content=\"640\" \/>\n\t<meta property=\"og:image:height\" content=\"427\" \/>\n\t<meta property=\"og:image:type\" content=\"image\/jpeg\" \/>\n<meta name=\"twitter:label1\" content=\"Written by\" \/>\n\t<meta name=\"twitter:data1\" content=\"Thomas Rivoire\" \/>\n\t<meta name=\"twitter:label2\" content=\"Est. reading time\" \/>\n\t<meta name=\"twitter:data2\" content=\"6 minutes\" \/>\n<script type=\"application\/ld+json\" class=\"yoast-schema-graph\">{\"@context\":\"https:\/\/schema.org\",\"@graph\":[{\"@type\":\"Organization\",\"@id\":\"https:\/\/www.legalife.fr\/guides-juridiques\/#organization\",\"name\":\"LegaLife\",\"url\":\"https:\/\/www.legalife.fr\/guides-juridiques\/\",\"sameAs\":[\"https:\/\/instagram.com\/lega_life\/\",\"https:\/\/www.linkedin.com\/company\/legalife\",\"https:\/\/www.pinterest.com\/Legalife_fr\/\",\"https:\/\/www.youtube.com\/channel\/UCB5gtPHHwPuKr7yHnd78f1g\",\"https:\/\/www.facebook.com\/legalife.fr\",\"https:\/\/twitter.com\/legalife\"],\"logo\":{\"@type\":\"ImageObject\",\"inLanguage\":\"fr-FR\",\"@id\":\"https:\/\/www.legalife.fr\/guides-juridiques\/#\/schema\/logo\/image\/\",\"url\":\"https:\/\/www.legalife.fr\/guides-juridiques\/wp-content\/uploads\/2016\/06\/versionslogo-01.png\",\"contentUrl\":\"https:\/\/www.legalife.fr\/guides-juridiques\/wp-content\/uploads\/2016\/06\/versionslogo-01.png\",\"width\":2292,\"height\":625,\"caption\":\"LegaLife\"},\"image\":{\"@id\":\"https:\/\/www.legalife.fr\/guides-juridiques\/#\/schema\/logo\/image\/\"}},{\"@type\":\"WebSite\",\"@id\":\"https:\/\/www.legalife.fr\/guides-juridiques\/#website\",\"url\":\"https:\/\/www.legalife.fr\/guides-juridiques\/\",\"name\":\"LegaLife\",\"description\":\"Toute l&#039;actualit\u00e9 juridique\",\"publisher\":{\"@id\":\"https:\/\/www.legalife.fr\/guides-juridiques\/#organization\"},\"potentialAction\":[{\"@type\":\"SearchAction\",\"target\":{\"@type\":\"EntryPoint\",\"urlTemplate\":\"https:\/\/www.legalife.fr\/guides-juridiques\/?s={search_term_string}\"},\"query-input\":\"required name=search_term_string\"}],\"inLanguage\":\"fr-FR\"},{\"@type\":\"ImageObject\",\"inLanguage\":\"fr-FR\",\"@id\":\"https:\/\/www.legalife.fr\/guides-juridiques\/changement-objet-social-sas-sarl\/#primaryimage\",\"url\":\"https:\/\/d1mxkq1wocxjoy.cloudfront.net\/guides-uploads\/2014\/11\/22230540\/14441908827_356a95bb20_z.jpg\",\"contentUrl\":\"https:\/\/d1mxkq1wocxjoy.cloudfront.net\/guides-uploads\/2014\/11\/22230540\/14441908827_356a95bb20_z.jpg\",\"width\":640,\"height\":427,\"caption\":\"Changement d'objet social\"},{\"@type\":\"WebPage\",\"@id\":\"https:\/\/www.legalife.fr\/guides-juridiques\/changement-objet-social-sas-sarl\/#webpage\",\"url\":\"https:\/\/www.legalife.fr\/guides-juridiques\/changement-objet-social-sas-sarl\/\",\"name\":\"Le changement d'objet social (SA, SAS et SARL)\",\"isPartOf\":{\"@id\":\"https:\/\/www.legalife.fr\/guides-juridiques\/#website\"},\"primaryImageOfPage\":{\"@id\":\"https:\/\/www.legalife.fr\/guides-juridiques\/changement-objet-social-sas-sarl\/#primaryimage\"},\"datePublished\":\"2014-11-20T15:16:50+00:00\",\"dateModified\":\"2017-02-21T17:46:15+00:00\",\"description\":\"Vous pouvez modifier l\u2019objet de votre soci\u00e9t\u00e9 \u00e0 n\u2019importe quel moment. Pour faire ce changement d'objet social, il faut accomplir certaines formalit\u00e9s.\",\"breadcrumb\":{\"@id\":\"https:\/\/www.legalife.fr\/guides-juridiques\/changement-objet-social-sas-sarl\/#breadcrumb\"},\"inLanguage\":\"fr-FR\",\"potentialAction\":[{\"@type\":\"ReadAction\",\"target\":[\"https:\/\/www.legalife.fr\/guides-juridiques\/changement-objet-social-sas-sarl\/\"]}]},{\"@type\":\"BreadcrumbList\",\"@id\":\"https:\/\/www.legalife.fr\/guides-juridiques\/changement-objet-social-sas-sarl\/#breadcrumb\",\"itemListElement\":[{\"@type\":\"ListItem\",\"position\":1,\"name\":\"Guides juridiques\",\"item\":\"https:\/\/www.legalife.fr\/guides-juridiques\/\"},{\"@type\":\"ListItem\",\"position\":2,\"name\":\"Gestion de l'entreprise\",\"item\":\"https:\/\/www.legalife.fr\/guides-juridiques\/gestion-entreprise\/\"},{\"@type\":\"ListItem\",\"position\":3,\"name\":\"Modifier les statuts\",\"item\":\"https:\/\/www.legalife.fr\/guides-juridiques\/gestion-entreprise\/modifier-les-statuts\/\"},{\"@type\":\"ListItem\",\"position\":4,\"name\":\"Changement d&#8217;objet social (SA, SAS et SARL)\"}]},{\"@type\":\"Article\",\"@id\":\"https:\/\/www.legalife.fr\/guides-juridiques\/changement-objet-social-sas-sarl\/#article\",\"isPartOf\":{\"@id\":\"https:\/\/www.legalife.fr\/guides-juridiques\/changement-objet-social-sas-sarl\/#webpage\"},\"author\":{\"@id\":\"https:\/\/www.legalife.fr\/guides-juridiques\/#\/schema\/person\/a8d0c9e67c195e2bb19533e49a8b0c3d\"},\"headline\":\"Changement d&#8217;objet social (SA, SAS et SARL)\",\"datePublished\":\"2014-11-20T15:16:50+00:00\",\"dateModified\":\"2017-02-21T17:46:15+00:00\",\"mainEntityOfPage\":{\"@id\":\"https:\/\/www.legalife.fr\/guides-juridiques\/changement-objet-social-sas-sarl\/#webpage\"},\"wordCount\":1297,\"commentCount\":4,\"publisher\":{\"@id\":\"https:\/\/www.legalife.fr\/guides-juridiques\/#organization\"},\"image\":{\"@id\":\"https:\/\/www.legalife.fr\/guides-juridiques\/changement-objet-social-sas-sarl\/#primaryimage\"},\"thumbnailUrl\":\"https:\/\/d1mxkq1wocxjoy.cloudfront.net\/guides-uploads\/2014\/11\/22230540\/14441908827_356a95bb20_z.jpg\",\"keywords\":[\"Objet social\",\"SA\",\"SARL\",\"sas\"],\"articleSection\":[\"Modifier les statuts\"],\"inLanguage\":\"fr-FR\",\"potentialAction\":[{\"@type\":\"CommentAction\",\"name\":\"Comment\",\"target\":[\"https:\/\/www.legalife.fr\/guides-juridiques\/changement-objet-social-sas-sarl\/#respond\"]}]},{\"@type\":\"Person\",\"@id\":\"https:\/\/www.legalife.fr\/guides-juridiques\/#\/schema\/person\/a8d0c9e67c195e2bb19533e49a8b0c3d\",\"name\":\"Thomas Rivoire\",\"image\":{\"@type\":\"ImageObject\",\"inLanguage\":\"fr-FR\",\"@id\":\"https:\/\/www.legalife.fr\/guides-juridiques\/#\/schema\/person\/image\/\",\"url\":\"https:\/\/secure.gravatar.com\/avatar\/1ba73b56954b9b86c6fd31776e8ad00a?s=96&d=mm&r=g\",\"contentUrl\":\"https:\/\/secure.gravatar.com\/avatar\/1ba73b56954b9b86c6fd31776e8ad00a?s=96&d=mm&r=g\",\"caption\":\"Thomas Rivoire\"},\"description\":\"Dipl\u00f4m\u00e9 d'HEC Paris et titulaire du dipl\u00f4me sup\u00e9rieur du notariat, j'ai plus de cinq ann\u00e9es d'exp\u00e9rience au sein d'une \u00e9tude de notaires. En tant que co-fondateur de LegaLife, je suis en charge du contenu juridique et du d\u00e9veloppement de l'offre de services que nous proposons \u00e0 nos clients.\",\"sameAs\":[\"https:\/\/fr.linkedin.com\/in\/rivoirethomas\"],\"url\":\"https:\/\/www.legalife.fr\/guides-juridiques\/author\/thomas\/\"}]}<\/script>\n<!-- \/ Yoast SEO plugin. -->","yoast_head_json":{"title":"Le changement d'objet social (SA, SAS et SARL)","description":"Vous pouvez modifier l\u2019objet de votre soci\u00e9t\u00e9 \u00e0 n\u2019importe quel moment. Pour faire ce changement d'objet social, il faut accomplir certaines formalit\u00e9s.","robots":{"index":"index","follow":"follow","max-snippet":"max-snippet:-1","max-image-preview":"max-image-preview:large","max-video-preview":"max-video-preview:-1"},"canonical":"https:\/\/www.legalife.fr\/guides-juridiques\/changement-objet-social-sas-sarl\/","og_locale":"fr_FR","og_type":"article","og_title":"Le changement d'objet social (SA, SAS et SARL)","og_description":"Vous pouvez modifier l\u2019objet de votre soci\u00e9t\u00e9 \u00e0 n\u2019importe quel moment. Pour faire ce changement d'objet social, il faut accomplir certaines formalit\u00e9s.","og_url":"https:\/\/www.legalife.fr\/guides-juridiques\/changement-objet-social-sas-sarl\/","og_site_name":"LegaLife","article_publisher":"https:\/\/www.facebook.com\/legalife.fr","article_published_time":"2014-11-20T15:16:50+00:00","article_modified_time":"2017-02-21T17:46:15+00:00","og_image":[{"width":640,"height":427,"url":"https:\/\/d1mxkq1wocxjoy.cloudfront.net\/guides-uploads\/2014\/11\/22230540\/14441908827_356a95bb20_z.jpg","type":"image\/jpeg"}],"twitter_misc":{"Written by":"Thomas Rivoire","Est. reading time":"6 minutes"},"schema":{"@context":"https:\/\/schema.org","@graph":[{"@type":"Organization","@id":"https:\/\/www.legalife.fr\/guides-juridiques\/#organization","name":"LegaLife","url":"https:\/\/www.legalife.fr\/guides-juridiques\/","sameAs":["https:\/\/instagram.com\/lega_life\/","https:\/\/www.linkedin.com\/company\/legalife","https:\/\/www.pinterest.com\/Legalife_fr\/","https:\/\/www.youtube.com\/channel\/UCB5gtPHHwPuKr7yHnd78f1g","https:\/\/www.facebook.com\/legalife.fr","https:\/\/twitter.com\/legalife"],"logo":{"@type":"ImageObject","inLanguage":"fr-FR","@id":"https:\/\/www.legalife.fr\/guides-juridiques\/#\/schema\/logo\/image\/","url":"https:\/\/www.legalife.fr\/guides-juridiques\/wp-content\/uploads\/2016\/06\/versionslogo-01.png","contentUrl":"https:\/\/www.legalife.fr\/guides-juridiques\/wp-content\/uploads\/2016\/06\/versionslogo-01.png","width":2292,"height":625,"caption":"LegaLife"},"image":{"@id":"https:\/\/www.legalife.fr\/guides-juridiques\/#\/schema\/logo\/image\/"}},{"@type":"WebSite","@id":"https:\/\/www.legalife.fr\/guides-juridiques\/#website","url":"https:\/\/www.legalife.fr\/guides-juridiques\/","name":"LegaLife","description":"Toute l&#039;actualit\u00e9 juridique","publisher":{"@id":"https:\/\/www.legalife.fr\/guides-juridiques\/#organization"},"potentialAction":[{"@type":"SearchAction","target":{"@type":"EntryPoint","urlTemplate":"https:\/\/www.legalife.fr\/guides-juridiques\/?s={search_term_string}"},"query-input":"required name=search_term_string"}],"inLanguage":"fr-FR"},{"@type":"ImageObject","inLanguage":"fr-FR","@id":"https:\/\/www.legalife.fr\/guides-juridiques\/changement-objet-social-sas-sarl\/#primaryimage","url":"https:\/\/d1mxkq1wocxjoy.cloudfront.net\/guides-uploads\/2014\/11\/22230540\/14441908827_356a95bb20_z.jpg","contentUrl":"https:\/\/d1mxkq1wocxjoy.cloudfront.net\/guides-uploads\/2014\/11\/22230540\/14441908827_356a95bb20_z.jpg","width":640,"height":427,"caption":"Changement d'objet social"},{"@type":"WebPage","@id":"https:\/\/www.legalife.fr\/guides-juridiques\/changement-objet-social-sas-sarl\/#webpage","url":"https:\/\/www.legalife.fr\/guides-juridiques\/changement-objet-social-sas-sarl\/","name":"Le changement d'objet social (SA, SAS et SARL)","isPartOf":{"@id":"https:\/\/www.legalife.fr\/guides-juridiques\/#website"},"primaryImageOfPage":{"@id":"https:\/\/www.legalife.fr\/guides-juridiques\/changement-objet-social-sas-sarl\/#primaryimage"},"datePublished":"2014-11-20T15:16:50+00:00","dateModified":"2017-02-21T17:46:15+00:00","description":"Vous pouvez modifier l\u2019objet de votre soci\u00e9t\u00e9 \u00e0 n\u2019importe quel moment. Pour faire ce changement d'objet social, il faut accomplir certaines formalit\u00e9s.","breadcrumb":{"@id":"https:\/\/www.legalife.fr\/guides-juridiques\/changement-objet-social-sas-sarl\/#breadcrumb"},"inLanguage":"fr-FR","potentialAction":[{"@type":"ReadAction","target":["https:\/\/www.legalife.fr\/guides-juridiques\/changement-objet-social-sas-sarl\/"]}]},{"@type":"BreadcrumbList","@id":"https:\/\/www.legalife.fr\/guides-juridiques\/changement-objet-social-sas-sarl\/#breadcrumb","itemListElement":[{"@type":"ListItem","position":1,"name":"Guides juridiques","item":"https:\/\/www.legalife.fr\/guides-juridiques\/"},{"@type":"ListItem","position":2,"name":"Gestion de l'entreprise","item":"https:\/\/www.legalife.fr\/guides-juridiques\/gestion-entreprise\/"},{"@type":"ListItem","position":3,"name":"Modifier les statuts","item":"https:\/\/www.legalife.fr\/guides-juridiques\/gestion-entreprise\/modifier-les-statuts\/"},{"@type":"ListItem","position":4,"name":"Changement d&#8217;objet social (SA, SAS et SARL)"}]},{"@type":"Article","@id":"https:\/\/www.legalife.fr\/guides-juridiques\/changement-objet-social-sas-sarl\/#article","isPartOf":{"@id":"https:\/\/www.legalife.fr\/guides-juridiques\/changement-objet-social-sas-sarl\/#webpage"},"author":{"@id":"https:\/\/www.legalife.fr\/guides-juridiques\/#\/schema\/person\/a8d0c9e67c195e2bb19533e49a8b0c3d"},"headline":"Changement d&#8217;objet social (SA, SAS et SARL)","datePublished":"2014-11-20T15:16:50+00:00","dateModified":"2017-02-21T17:46:15+00:00","mainEntityOfPage":{"@id":"https:\/\/www.legalife.fr\/guides-juridiques\/changement-objet-social-sas-sarl\/#webpage"},"wordCount":1297,"commentCount":4,"publisher":{"@id":"https:\/\/www.legalife.fr\/guides-juridiques\/#organization"},"image":{"@id":"https:\/\/www.legalife.fr\/guides-juridiques\/changement-objet-social-sas-sarl\/#primaryimage"},"thumbnailUrl":"https:\/\/d1mxkq1wocxjoy.cloudfront.net\/guides-uploads\/2014\/11\/22230540\/14441908827_356a95bb20_z.jpg","keywords":["Objet social","SA","SARL","sas"],"articleSection":["Modifier les statuts"],"inLanguage":"fr-FR","potentialAction":[{"@type":"CommentAction","name":"Comment","target":["https:\/\/www.legalife.fr\/guides-juridiques\/changement-objet-social-sas-sarl\/#respond"]}]},{"@type":"Person","@id":"https:\/\/www.legalife.fr\/guides-juridiques\/#\/schema\/person\/a8d0c9e67c195e2bb19533e49a8b0c3d","name":"Thomas Rivoire","image":{"@type":"ImageObject","inLanguage":"fr-FR","@id":"https:\/\/www.legalife.fr\/guides-juridiques\/#\/schema\/person\/image\/","url":"https:\/\/secure.gravatar.com\/avatar\/1ba73b56954b9b86c6fd31776e8ad00a?s=96&d=mm&r=g","contentUrl":"https:\/\/secure.gravatar.com\/avatar\/1ba73b56954b9b86c6fd31776e8ad00a?s=96&d=mm&r=g","caption":"Thomas Rivoire"},"description":"Dipl\u00f4m\u00e9 d'HEC Paris et titulaire du dipl\u00f4me sup\u00e9rieur du notariat, j'ai plus de cinq ann\u00e9es d'exp\u00e9rience au sein d'une \u00e9tude de notaires. En tant que co-fondateur de LegaLife, je suis en charge du contenu juridique et du d\u00e9veloppement de l'offre de services que nous proposons \u00e0 nos clients.","sameAs":["https:\/\/fr.linkedin.com\/in\/rivoirethomas"],"url":"https:\/\/www.legalife.fr\/guides-juridiques\/author\/thomas\/"}]}},"_links":{"self":[{"href":"https:\/\/www.legalife.fr\/guides-juridiques\/wp-json\/wp\/v2\/posts\/1055"}],"collection":[{"href":"https:\/\/www.legalife.fr\/guides-juridiques\/wp-json\/wp\/v2\/posts"}],"about":[{"href":"https:\/\/www.legalife.fr\/guides-juridiques\/wp-json\/wp\/v2\/types\/post"}],"author":[{"embeddable":true,"href":"https:\/\/www.legalife.fr\/guides-juridiques\/wp-json\/wp\/v2\/users\/3"}],"replies":[{"embeddable":true,"href":"https:\/\/www.legalife.fr\/guides-juridiques\/wp-json\/wp\/v2\/comments?post=1055"}],"version-history":[{"count":35,"href":"https:\/\/www.legalife.fr\/guides-juridiques\/wp-json\/wp\/v2\/posts\/1055\/revisions"}],"predecessor-version":[{"id":8248,"href":"https:\/\/www.legalife.fr\/guides-juridiques\/wp-json\/wp\/v2\/posts\/1055\/revisions\/8248"}],"wp:featuredmedia":[{"embeddable":true,"href":"https:\/\/www.legalife.fr\/guides-juridiques\/wp-json\/wp\/v2\/media\/1226"}],"wp:attachment":[{"href":"https:\/\/www.legalife.fr\/guides-juridiques\/wp-json\/wp\/v2\/media?parent=1055"}],"wp:term":[{"taxonomy":"category","embeddable":true,"href":"https:\/\/www.legalife.fr\/guides-juridiques\/wp-json\/wp\/v2\/categories?post=1055"},{"taxonomy":"post_tag","embeddable":true,"href":"https:\/\/www.legalife.fr\/guides-juridiques\/wp-json\/wp\/v2\/tags?post=1055"}],"curies":[{"name":"wp","href":"https:\/\/api.w.org\/{rel}","templated":true}]}}